{"id":2526,"date":"2024-08-19T12:01:05","date_gmt":"2024-08-19T15:01:05","guid":{"rendered":"http:\/\/masquenoticiastucuman.com.ar\/?p=2526"},"modified":"2024-08-19T12:01:05","modified_gmt":"2024-08-19T15:01:05","slug":"reforma-laboral-se-reglamenta-esta-semana-cuales-son-los-8-principales-cambios","status":"publish","type":"post","link":"https:\/\/masquenoticiastucuman.com.ar\/?p=2526","title":{"rendered":"Reforma laboral, se reglamenta esta semana: cu\u00e1les son los 8 principales cambios"},"content":{"rendered":"<p>Periodo de prueba, cambios en la ley de Contrato de Trabajo, derecho de huelga y r\u00e9gimen de indemnizaciones, c\u00f3mo cambia cada uno.Qu\u00e9 beneficios recibir\u00e1n los empleadores que regularicen a trabajadores no registrados o mal registrados.<\/p>","protected":false},"excerpt":{"rendered":"<p>Periodo de prueba, cambios en la ley de Contrato de Trabajo, derecho de huelga y&#8230;<\/p>\n","protected":false},"author":0,"featured_media":0,"comment_status":"open","ping_status":"open","sticky":false,"template":"","format":"standard","meta":{"footnotes":""},"categories":[3],"tags":[],"class_list":["post-2526","post","type-post","status-publish","format-standard","hentry","category-nacionales"],"_links":{"self":[{"href":"https:\/\/masquenoticiastucuman.com.ar\/index.php?rest_route=\/wp\/v2\/posts\/2526","targetHints":{"allow":["GET"]}}],"collection":[{"href":"https:\/\/masquenoticiastucuman.com.ar\/index.php?rest_route=\/wp\/v2\/posts"}],"about":[{"href":"https:\/\/masquenoticiastucuman.com.ar\/index.php?rest_route=\/wp\/v2\/types\/post"}],"replies":[{"embeddable":true,"href":"https:\/\/masquenoticiastucuman.com.ar\/index.php?rest_route=%2Fwp%2Fv2%2Fcomments&post=2526"}],"version-history":[{"count":0,"href":"https:\/\/masquenoticiastucuman.com.ar\/index.php?rest_route=\/wp\/v2\/posts\/2526\/revisions"}],"wp:attachment":[{"href":"https:\/\/masquenoticiastucuman.com.ar\/index.php?rest_route=%2Fwp%2Fv2%2Fmedia&parent=2526"}],"wp:term":[{"taxonomy":"category","embeddable":true,"href":"https:\/\/masquenoticiastucuman.com.ar\/index.php?rest_route=%2Fwp%2Fv2%2Fcategories&post=2526"},{"taxonomy":"post_tag","embeddable":true,"href":"https:\/\/masquenoticiastucuman.com.ar\/index.php?rest_route=%2Fwp%2Fv2%2Ftags&post=2526"}],"curies":[{"name":"wp","href":"https:\/\/api.w.org\/{rel}","templated":true}]}}