{"id":2528,"date":"2024-08-19T13:01:02","date_gmt":"2024-08-19T16:01:02","guid":{"rendered":"http:\/\/masquenoticiastucuman.com.ar\/?p=2528"},"modified":"2024-08-19T13:01:02","modified_gmt":"2024-08-19T16:01:02","slug":"la-serie-derivada-de-la-exitosa-pelicula-ciudad-de-dios-encabeza-los-estrenos-de-la-semana","status":"publish","type":"post","link":"https:\/\/masquenoticiastucuman.com.ar\/?p=2528","title":{"rendered":"La serie derivada de la exitosa pel\u00edcula &#8220;Ciudad de Dios&#8221; encabeza los estrenos de la semana"},"content":{"rendered":"<p>El domingo llegar\u00e1 a Max y a HBO &#8220;Ciudad de Dios: la lucha no para&#8221;, a 22 a\u00f1os del \u00e9xito cinematogr\u00e1fico de Fernando Meirelles. Todas las novedades que se suman al streaming (y al cable) entre el lunes 19 y el domingo 25.<\/p>","protected":false},"excerpt":{"rendered":"<p>El domingo llegar\u00e1 a Max y a HBO &#8220;Ciudad de Dios: la lucha no para&#8221;,&#8230;<\/p>\n","protected":false},"author":0,"featured_media":0,"comment_status":"open","ping_status":"open","sticky":false,"template":"","format":"standard","meta":{"footnotes":""},"categories":[5],"tags":[],"class_list":["post-2528","post","type-post","status-publish","format-standard","hentry","category-espectaculo"],"_links":{"self":[{"href":"https:\/\/masquenoticiastucuman.com.ar\/index.php?rest_route=\/wp\/v2\/posts\/2528","targetHints":{"allow":["GET"]}}],"collection":[{"href":"https:\/\/masquenoticiastucuman.com.ar\/index.php?rest_route=\/wp\/v2\/posts"}],"about":[{"href":"https:\/\/masquenoticiastucuman.com.ar\/index.php?rest_route=\/wp\/v2\/types\/post"}],"replies":[{"embeddable":true,"href":"https:\/\/masquenoticiastucuman.com.ar\/index.php?rest_route=%2Fwp%2Fv2%2Fcomments&post=2528"}],"version-history":[{"count":0,"href":"https:\/\/masquenoticiastucuman.com.ar\/index.php?rest_route=\/wp\/v2\/posts\/2528\/revisions"}],"wp:attachment":[{"href":"https:\/\/masquenoticiastucuman.com.ar\/index.php?rest_route=%2Fwp%2Fv2%2Fmedia&parent=2528"}],"wp:term":[{"taxonomy":"category","embeddable":true,"href":"https:\/\/masquenoticiastucuman.com.ar\/index.php?rest_route=%2Fwp%2Fv2%2Fcategories&post=2528"},{"taxonomy":"post_tag","embeddable":true,"href":"https:\/\/masquenoticiastucuman.com.ar\/index.php?rest_route=%2Fwp%2Fv2%2Ftags&post=2528"}],"curies":[{"name":"wp","href":"https:\/\/api.w.org\/{rel}","templated":true}]}}