{"id":2530,"date":"2024-08-19T13:01:04","date_gmt":"2024-08-19T16:01:04","guid":{"rendered":"http:\/\/masquenoticiastucuman.com.ar\/?p=2530"},"modified":"2024-08-19T13:01:04","modified_gmt":"2024-08-19T16:01:04","slug":"el-escandaloso-penal-para-platense-ante-barracas-central-por-que-la-afa-difunde-los-audios-del-var-a-cuentagotas-y-esquiva-las-polemicas","status":"publish","type":"post","link":"https:\/\/masquenoticiastucuman.com.ar\/?p=2530","title":{"rendered":"El escandaloso penal para Platense ante Barracas Central: por qu\u00e9 la AFA difunde los audios del VAR a cuentagotas y esquiva las pol\u00e9micas"},"content":{"rendered":"<p>La mano de Go\u00f1i que no sancion\u00f3 Sebasti\u00e1n Zunino en cancha y omiti\u00f3 Yamil Possi en la sala de Ezeiza qued\u00f3 en evidencia tras la pena m\u00e1xima que le cobraron a Marcos Rojo en Boca.De 151 encuentros de la Liga Profesional, solo se publicaron cinco explicaciones: cuatro aciertos y una ins\u00f3lita jugada sin implicancia en el resultado.<\/p>","protected":false},"excerpt":{"rendered":"<p>La mano de Go\u00f1i que no sancion\u00f3 Sebasti\u00e1n Zunino en cancha y omiti\u00f3 Yamil Possi&#8230;<\/p>\n","protected":false},"author":0,"featured_media":0,"comment_status":"open","ping_status":"open","sticky":false,"template":"","format":"standard","meta":{"footnotes":""},"categories":[6],"tags":[],"class_list":["post-2530","post","type-post","status-publish","format-standard","hentry","category-deportes"],"_links":{"self":[{"href":"https:\/\/masquenoticiastucuman.com.ar\/index.php?rest_route=\/wp\/v2\/posts\/2530","targetHints":{"allow":["GET"]}}],"collection":[{"href":"https:\/\/masquenoticiastucuman.com.ar\/index.php?rest_route=\/wp\/v2\/posts"}],"about":[{"href":"https:\/\/masquenoticiastucuman.com.ar\/index.php?rest_route=\/wp\/v2\/types\/post"}],"replies":[{"embeddable":true,"href":"https:\/\/masquenoticiastucuman.com.ar\/index.php?rest_route=%2Fwp%2Fv2%2Fcomments&post=2530"}],"version-history":[{"count":0,"href":"https:\/\/masquenoticiastucuman.com.ar\/index.php?rest_route=\/wp\/v2\/posts\/2530\/revisions"}],"wp:attachment":[{"href":"https:\/\/masquenoticiastucuman.com.ar\/index.php?rest_route=%2Fwp%2Fv2%2Fmedia&parent=2530"}],"wp:term":[{"taxonomy":"category","embeddable":true,"href":"https:\/\/masquenoticiastucuman.com.ar\/index.php?rest_route=%2Fwp%2Fv2%2Fcategories&post=2530"},{"taxonomy":"post_tag","embeddable":true,"href":"https:\/\/masquenoticiastucuman.com.ar\/index.php?rest_route=%2Fwp%2Fv2%2Ftags&post=2530"}],"curies":[{"name":"wp","href":"https:\/\/api.w.org\/{rel}","templated":true}]}}