{"id":2532,"date":"2024-08-19T13:01:06","date_gmt":"2024-08-19T16:01:06","guid":{"rendered":"http:\/\/masquenoticiastucuman.com.ar\/?p=2532"},"modified":"2024-08-19T13:01:06","modified_gmt":"2024-08-19T16:01:06","slug":"la-mala-sangre-acecha-una-mina-de-litio-en-serbia","status":"publish","type":"post","link":"https:\/\/masquenoticiastucuman.com.ar\/?p=2532","title":{"rendered":"La &#8220;mala sangre&#8221; acecha una mina de litio en Serbia"},"content":{"rendered":"<p>Una mina de R\u00edo Tinto que Europa considera una fuente fundamental de bater\u00edas para veh\u00edculos el\u00e9ctricos ha sido objeto de enormes protestas. &#8220;No necesito coches verdes. Necesito manzanas y hierba verdes&#8221;, dijo un opositor.<\/p>","protected":false},"excerpt":{"rendered":"<p>Una mina de R\u00edo Tinto que Europa considera una fuente fundamental de bater\u00edas para veh\u00edculos&#8230;<\/p>\n","protected":false},"author":0,"featured_media":0,"comment_status":"open","ping_status":"open","sticky":false,"template":"","format":"standard","meta":{"footnotes":""},"categories":[4],"tags":[],"class_list":["post-2532","post","type-post","status-publish","format-standard","hentry","category-internacionales"],"_links":{"self":[{"href":"https:\/\/masquenoticiastucuman.com.ar\/index.php?rest_route=\/wp\/v2\/posts\/2532","targetHints":{"allow":["GET"]}}],"collection":[{"href":"https:\/\/masquenoticiastucuman.com.ar\/index.php?rest_route=\/wp\/v2\/posts"}],"about":[{"href":"https:\/\/masquenoticiastucuman.com.ar\/index.php?rest_route=\/wp\/v2\/types\/post"}],"replies":[{"embeddable":true,"href":"https:\/\/masquenoticiastucuman.com.ar\/index.php?rest_route=%2Fwp%2Fv2%2Fcomments&post=2532"}],"version-history":[{"count":0,"href":"https:\/\/masquenoticiastucuman.com.ar\/index.php?rest_route=\/wp\/v2\/posts\/2532\/revisions"}],"wp:attachment":[{"href":"https:\/\/masquenoticiastucuman.com.ar\/index.php?rest_route=%2Fwp%2Fv2%2Fmedia&parent=2532"}],"wp:term":[{"taxonomy":"category","embeddable":true,"href":"https:\/\/masquenoticiastucuman.com.ar\/index.php?rest_route=%2Fwp%2Fv2%2Fcategories&post=2532"},{"taxonomy":"post_tag","embeddable":true,"href":"https:\/\/masquenoticiastucuman.com.ar\/index.php?rest_route=%2Fwp%2Fv2%2Ftags&post=2532"}],"curies":[{"name":"wp","href":"https:\/\/api.w.org\/{rel}","templated":true}]}}