{"id":2536,"date":"2024-08-19T14:01:04","date_gmt":"2024-08-19T17:01:04","guid":{"rendered":"http:\/\/masquenoticiastucuman.com.ar\/?p=2536"},"modified":"2024-08-19T14:01:04","modified_gmt":"2024-08-19T17:01:04","slug":"aumentan-los-peajes-de-una-autopista-de-buenos-aires-cuanto-costara-y-desde-cuando","status":"publish","type":"post","link":"https:\/\/masquenoticiastucuman.com.ar\/?p=2536","title":{"rendered":"Aumentan los peajes de una autopista de Buenos Aires: cu\u00e1nto costar\u00e1 y desde cu\u00e1ndo"},"content":{"rendered":"<p>El Gobierno nacional oficializ\u00f3 el nuevo cuadro tarifario para el Corredor Vial N\u00b018, ruta que conecta al pa\u00eds con Uruguay y Brasil.Los valores var\u00edan seg\u00fan la categor\u00eda, el peaje y la modalidad de pago.<\/p>","protected":false},"excerpt":{"rendered":"<p>El Gobierno nacional oficializ\u00f3 el nuevo cuadro tarifario para el Corredor Vial N\u00b018, ruta que&#8230;<\/p>\n","protected":false},"author":0,"featured_media":0,"comment_status":"open","ping_status":"open","sticky":false,"template":"","format":"standard","meta":{"footnotes":""},"categories":[3],"tags":[],"class_list":["post-2536","post","type-post","status-publish","format-standard","hentry","category-nacionales"],"_links":{"self":[{"href":"https:\/\/masquenoticiastucuman.com.ar\/index.php?rest_route=\/wp\/v2\/posts\/2536","targetHints":{"allow":["GET"]}}],"collection":[{"href":"https:\/\/masquenoticiastucuman.com.ar\/index.php?rest_route=\/wp\/v2\/posts"}],"about":[{"href":"https:\/\/masquenoticiastucuman.com.ar\/index.php?rest_route=\/wp\/v2\/types\/post"}],"replies":[{"embeddable":true,"href":"https:\/\/masquenoticiastucuman.com.ar\/index.php?rest_route=%2Fwp%2Fv2%2Fcomments&post=2536"}],"version-history":[{"count":0,"href":"https:\/\/masquenoticiastucuman.com.ar\/index.php?rest_route=\/wp\/v2\/posts\/2536\/revisions"}],"wp:attachment":[{"href":"https:\/\/masquenoticiastucuman.com.ar\/index.php?rest_route=%2Fwp%2Fv2%2Fmedia&parent=2536"}],"wp:term":[{"taxonomy":"category","embeddable":true,"href":"https:\/\/masquenoticiastucuman.com.ar\/index.php?rest_route=%2Fwp%2Fv2%2Fcategories&post=2536"},{"taxonomy":"post_tag","embeddable":true,"href":"https:\/\/masquenoticiastucuman.com.ar\/index.php?rest_route=%2Fwp%2Fv2%2Ftags&post=2536"}],"curies":[{"name":"wp","href":"https:\/\/api.w.org\/{rel}","templated":true}]}}