{"id":2656,"date":"2024-08-20T13:01:02","date_gmt":"2024-08-20T16:01:02","guid":{"rendered":"http:\/\/masquenoticiastucuman.com.ar\/?p=2656"},"modified":"2024-08-20T13:01:02","modified_gmt":"2024-08-20T16:01:02","slug":"primera-vez-en-tres-anos-en-2024-no-subieron-los-alquileres-rurales","status":"publish","type":"post","link":"https:\/\/masquenoticiastucuman.com.ar\/?p=2656","title":{"rendered":"Primera vez en tres a\u00f1os: en 2024 no subieron los alquileres rurales"},"content":{"rendered":"<p>Los m\u00e1rgenes agropecuarios se derrumbaron.El mercado se mantuvo activo y creci\u00f3 la demanda de tierras agr\u00edcolas. Afirman que las expectativas por nuevas pol\u00edticas econ\u00f3micas fomentan la inversi\u00f3n en el sector.<\/p>","protected":false},"excerpt":{"rendered":"<p>Los m\u00e1rgenes agropecuarios se derrumbaron.El mercado se mantuvo activo y creci\u00f3 la demanda de tierras&#8230;<\/p>\n","protected":false},"author":0,"featured_media":0,"comment_status":"open","ping_status":"open","sticky":false,"template":"","format":"standard","meta":{"footnotes":""},"categories":[1],"tags":[],"class_list":["post-2656","post","type-post","status-publish","format-standard","hentry","category-uncategorized"],"_links":{"self":[{"href":"https:\/\/masquenoticiastucuman.com.ar\/index.php?rest_route=\/wp\/v2\/posts\/2656","targetHints":{"allow":["GET"]}}],"collection":[{"href":"https:\/\/masquenoticiastucuman.com.ar\/index.php?rest_route=\/wp\/v2\/posts"}],"about":[{"href":"https:\/\/masquenoticiastucuman.com.ar\/index.php?rest_route=\/wp\/v2\/types\/post"}],"replies":[{"embeddable":true,"href":"https:\/\/masquenoticiastucuman.com.ar\/index.php?rest_route=%2Fwp%2Fv2%2Fcomments&post=2656"}],"version-history":[{"count":0,"href":"https:\/\/masquenoticiastucuman.com.ar\/index.php?rest_route=\/wp\/v2\/posts\/2656\/revisions"}],"wp:attachment":[{"href":"https:\/\/masquenoticiastucuman.com.ar\/index.php?rest_route=%2Fwp%2Fv2%2Fmedia&parent=2656"}],"wp:term":[{"taxonomy":"category","embeddable":true,"href":"https:\/\/masquenoticiastucuman.com.ar\/index.php?rest_route=%2Fwp%2Fv2%2Fcategories&post=2656"},{"taxonomy":"post_tag","embeddable":true,"href":"https:\/\/masquenoticiastucuman.com.ar\/index.php?rest_route=%2Fwp%2Fv2%2Ftags&post=2656"}],"curies":[{"name":"wp","href":"https:\/\/api.w.org\/{rel}","templated":true}]}}