{"id":2658,"date":"2024-08-20T13:01:04","date_gmt":"2024-08-20T16:01:04","guid":{"rendered":"http:\/\/masquenoticiastucuman.com.ar\/?p=2658"},"modified":"2024-08-20T13:01:04","modified_gmt":"2024-08-20T16:01:04","slug":"guillermo-coria-le-respondio-a-horacio-zeballos-aprendi-de-los-errores-y-estas-cosas-le-causan-mucho-dano-al-tenis-argentino","status":"publish","type":"post","link":"https:\/\/masquenoticiastucuman.com.ar\/?p=2658","title":{"rendered":"Guillermo Coria le respondi\u00f3 a Horacio Zeballos: &#8220;Aprend\u00ed de los errores y estas cosas le causan mucho da\u00f1o al tenis argentino&#8221;"},"content":{"rendered":"<p>El capit\u00e1n argentino se manifest\u00f3 sobre el rechazo a la convocatoria del marplatense.&#8221;Yo no tengo ning\u00fan problema personal con Zeballos&#8221;, comunic\u00f3 el ex jugador.El crack de 39 a\u00f1os hab\u00eda confesado: &#8220;Mi relaci\u00f3n con \u00e9l no es buena&#8221;.<\/p>","protected":false},"excerpt":{"rendered":"<p>El capit\u00e1n argentino se manifest\u00f3 sobre el rechazo a la convocatoria del marplatense.&#8221;Yo no tengo&#8230;<\/p>\n","protected":false},"author":0,"featured_media":0,"comment_status":"open","ping_status":"open","sticky":false,"template":"","format":"standard","meta":{"footnotes":""},"categories":[6],"tags":[],"class_list":["post-2658","post","type-post","status-publish","format-standard","hentry","category-deportes"],"_links":{"self":[{"href":"https:\/\/masquenoticiastucuman.com.ar\/index.php?rest_route=\/wp\/v2\/posts\/2658","targetHints":{"allow":["GET"]}}],"collection":[{"href":"https:\/\/masquenoticiastucuman.com.ar\/index.php?rest_route=\/wp\/v2\/posts"}],"about":[{"href":"https:\/\/masquenoticiastucuman.com.ar\/index.php?rest_route=\/wp\/v2\/types\/post"}],"replies":[{"embeddable":true,"href":"https:\/\/masquenoticiastucuman.com.ar\/index.php?rest_route=%2Fwp%2Fv2%2Fcomments&post=2658"}],"version-history":[{"count":0,"href":"https:\/\/masquenoticiastucuman.com.ar\/index.php?rest_route=\/wp\/v2\/posts\/2658\/revisions"}],"wp:attachment":[{"href":"https:\/\/masquenoticiastucuman.com.ar\/index.php?rest_route=%2Fwp%2Fv2%2Fmedia&parent=2658"}],"wp:term":[{"taxonomy":"category","embeddable":true,"href":"https:\/\/masquenoticiastucuman.com.ar\/index.php?rest_route=%2Fwp%2Fv2%2Fcategories&post=2658"},{"taxonomy":"post_tag","embeddable":true,"href":"https:\/\/masquenoticiastucuman.com.ar\/index.php?rest_route=%2Fwp%2Fv2%2Ftags&post=2658"}],"curies":[{"name":"wp","href":"https:\/\/api.w.org\/{rel}","templated":true}]}}