{"id":2668,"date":"2024-08-20T15:01:03","date_gmt":"2024-08-20T18:01:03","guid":{"rendered":"http:\/\/masquenoticiastucuman.com.ar\/?p=2668"},"modified":"2024-08-20T15:01:03","modified_gmt":"2024-08-20T18:01:03","slug":"se-confirmo-la-presencia-de-otra-figura-del-ranking-atp-para-el-argentina-open-de-2025","status":"publish","type":"post","link":"https:\/\/masquenoticiastucuman.com.ar\/?p=2668","title":{"rendered":"Se confirm\u00f3 la presencia de otra figura del ranking ATP para el Argentina Open de 2025"},"content":{"rendered":"<p>El torneo ya contaba con la presencia del 4 del mundo, Alexander Zverev.Y ahora se asegur\u00f3 al ganador del \u00faltimo Masters 1000 de Par\u00eds.<\/p>","protected":false},"excerpt":{"rendered":"<p>El torneo ya contaba con la presencia del 4 del mundo, Alexander Zverev.Y ahora se&#8230;<\/p>\n","protected":false},"author":0,"featured_media":0,"comment_status":"open","ping_status":"open","sticky":false,"template":"","format":"standard","meta":{"footnotes":""},"categories":[6],"tags":[],"class_list":["post-2668","post","type-post","status-publish","format-standard","hentry","category-deportes"],"_links":{"self":[{"href":"https:\/\/masquenoticiastucuman.com.ar\/index.php?rest_route=\/wp\/v2\/posts\/2668","targetHints":{"allow":["GET"]}}],"collection":[{"href":"https:\/\/masquenoticiastucuman.com.ar\/index.php?rest_route=\/wp\/v2\/posts"}],"about":[{"href":"https:\/\/masquenoticiastucuman.com.ar\/index.php?rest_route=\/wp\/v2\/types\/post"}],"replies":[{"embeddable":true,"href":"https:\/\/masquenoticiastucuman.com.ar\/index.php?rest_route=%2Fwp%2Fv2%2Fcomments&post=2668"}],"version-history":[{"count":0,"href":"https:\/\/masquenoticiastucuman.com.ar\/index.php?rest_route=\/wp\/v2\/posts\/2668\/revisions"}],"wp:attachment":[{"href":"https:\/\/masquenoticiastucuman.com.ar\/index.php?rest_route=%2Fwp%2Fv2%2Fmedia&parent=2668"}],"wp:term":[{"taxonomy":"category","embeddable":true,"href":"https:\/\/masquenoticiastucuman.com.ar\/index.php?rest_route=%2Fwp%2Fv2%2Fcategories&post=2668"},{"taxonomy":"post_tag","embeddable":true,"href":"https:\/\/masquenoticiastucuman.com.ar\/index.php?rest_route=%2Fwp%2Fv2%2Ftags&post=2668"}],"curies":[{"name":"wp","href":"https:\/\/api.w.org\/{rel}","templated":true}]}}