{"id":2670,"date":"2024-08-20T15:01:05","date_gmt":"2024-08-20T18:01:05","guid":{"rendered":"http:\/\/masquenoticiastucuman.com.ar\/?p=2670"},"modified":"2024-08-20T15:01:05","modified_gmt":"2024-08-20T18:01:05","slug":"alejandro-puy-un-argentino-delegado-del-partido-democrata-cuando-joe-biden-decidio-no-postularse-la-energia-crecio-10-veces","status":"publish","type":"post","link":"https:\/\/masquenoticiastucuman.com.ar\/?p=2670","title":{"rendered":"Alejandro Puy, un argentino delegado del Partido Dem\u00f3crata: &#8220;Cuando Joe Biden decidi\u00f3 no postularse, la energ\u00eda creci\u00f3 10 veces&#8221;"},"content":{"rendered":"<p>Naci\u00f3 en Mendoza, vivi\u00f3 en San Juan y lleg\u00f3 a los Estados Unidos en 2007 para estudiar Ciencias Pol\u00edticas en Utah, un estado del centro oeste del pa\u00eds donde se asienta una nutrida colectividad mormona. De 41 a\u00f1os, fue acerc\u00e1ndose a la pol\u00edtica de su distrito y hoy es concejal de Salt Lake City, la capital de Utah. Hoy es un entusiasta militante de Kamala Harris.<\/p>","protected":false},"excerpt":{"rendered":"<p>Naci\u00f3 en Mendoza, vivi\u00f3 en San Juan y lleg\u00f3 a los Estados Unidos en 2007&#8230;<\/p>\n","protected":false},"author":0,"featured_media":0,"comment_status":"open","ping_status":"open","sticky":false,"template":"","format":"standard","meta":{"footnotes":""},"categories":[4],"tags":[],"class_list":["post-2670","post","type-post","status-publish","format-standard","hentry","category-internacionales"],"_links":{"self":[{"href":"https:\/\/masquenoticiastucuman.com.ar\/index.php?rest_route=\/wp\/v2\/posts\/2670","targetHints":{"allow":["GET"]}}],"collection":[{"href":"https:\/\/masquenoticiastucuman.com.ar\/index.php?rest_route=\/wp\/v2\/posts"}],"about":[{"href":"https:\/\/masquenoticiastucuman.com.ar\/index.php?rest_route=\/wp\/v2\/types\/post"}],"replies":[{"embeddable":true,"href":"https:\/\/masquenoticiastucuman.com.ar\/index.php?rest_route=%2Fwp%2Fv2%2Fcomments&post=2670"}],"version-history":[{"count":0,"href":"https:\/\/masquenoticiastucuman.com.ar\/index.php?rest_route=\/wp\/v2\/posts\/2670\/revisions"}],"wp:attachment":[{"href":"https:\/\/masquenoticiastucuman.com.ar\/index.php?rest_route=%2Fwp%2Fv2%2Fmedia&parent=2670"}],"wp:term":[{"taxonomy":"category","embeddable":true,"href":"https:\/\/masquenoticiastucuman.com.ar\/index.php?rest_route=%2Fwp%2Fv2%2Fcategories&post=2670"},{"taxonomy":"post_tag","embeddable":true,"href":"https:\/\/masquenoticiastucuman.com.ar\/index.php?rest_route=%2Fwp%2Fv2%2Ftags&post=2670"}],"curies":[{"name":"wp","href":"https:\/\/api.w.org\/{rel}","templated":true}]}}