{"id":2674,"date":"2024-08-20T16:01:02","date_gmt":"2024-08-20T19:01:02","guid":{"rendered":"http:\/\/masquenoticiastucuman.com.ar\/?p=2674"},"modified":"2024-08-20T16:01:02","modified_gmt":"2024-08-20T19:01:02","slug":"riquelme-se-cruzo-con-el-chavo-fucks-por-un-filoso-comentario-y-se-levanto-de-un-movil-a-mi-no-me-reta-ni-mi-viejo","status":"publish","type":"post","link":"https:\/\/masquenoticiastucuman.com.ar\/?p=2674","title":{"rendered":"Riquelme se cruz\u00f3 con el Chavo Fucks por un filoso comentario y se levant\u00f3 de un m\u00f3vil: &#8220;A m\u00ed no me reta ni mi viejo&#8221;"},"content":{"rendered":"<p>El reportaje en ESPN dur\u00f3 apenas un par de preguntas.El presidente de Boca hablaba del trabajo del Consejo de F\u00fatbol.Y el periodista le hizo una observaci\u00f3n que el 10 no se banc\u00f3.<\/p>","protected":false},"excerpt":{"rendered":"<p>El reportaje en ESPN dur\u00f3 apenas un par de preguntas.El presidente de Boca hablaba del&#8230;<\/p>\n","protected":false},"author":0,"featured_media":0,"comment_status":"open","ping_status":"open","sticky":false,"template":"","format":"standard","meta":{"footnotes":""},"categories":[6],"tags":[],"class_list":["post-2674","post","type-post","status-publish","format-standard","hentry","category-deportes"],"_links":{"self":[{"href":"https:\/\/masquenoticiastucuman.com.ar\/index.php?rest_route=\/wp\/v2\/posts\/2674","targetHints":{"allow":["GET"]}}],"collection":[{"href":"https:\/\/masquenoticiastucuman.com.ar\/index.php?rest_route=\/wp\/v2\/posts"}],"about":[{"href":"https:\/\/masquenoticiastucuman.com.ar\/index.php?rest_route=\/wp\/v2\/types\/post"}],"replies":[{"embeddable":true,"href":"https:\/\/masquenoticiastucuman.com.ar\/index.php?rest_route=%2Fwp%2Fv2%2Fcomments&post=2674"}],"version-history":[{"count":0,"href":"https:\/\/masquenoticiastucuman.com.ar\/index.php?rest_route=\/wp\/v2\/posts\/2674\/revisions"}],"wp:attachment":[{"href":"https:\/\/masquenoticiastucuman.com.ar\/index.php?rest_route=%2Fwp%2Fv2%2Fmedia&parent=2674"}],"wp:term":[{"taxonomy":"category","embeddable":true,"href":"https:\/\/masquenoticiastucuman.com.ar\/index.php?rest_route=%2Fwp%2Fv2%2Fcategories&post=2674"},{"taxonomy":"post_tag","embeddable":true,"href":"https:\/\/masquenoticiastucuman.com.ar\/index.php?rest_route=%2Fwp%2Fv2%2Ftags&post=2674"}],"curies":[{"name":"wp","href":"https:\/\/api.w.org\/{rel}","templated":true}]}}