{"id":2678,"date":"2024-08-20T16:01:06","date_gmt":"2024-08-20T19:01:06","guid":{"rendered":"http:\/\/masquenoticiastucuman.com.ar\/?p=2678"},"modified":"2024-08-20T16:01:06","modified_gmt":"2024-08-20T19:01:06","slug":"mas-de-13-anos-despues-del-desastre-japon-realiza-una-delicada-prueba-para-eliminar-residuos-nucleares-de-fukushima","status":"publish","type":"post","link":"https:\/\/masquenoticiastucuman.com.ar\/?p=2678","title":{"rendered":"M\u00e1s de 13 a\u00f1os despu\u00e9s del desastre, Jap\u00f3n realiza una delicada prueba para eliminar residuos nucleares de Fukushima"},"content":{"rendered":"<p>Es un paso clave previo al programado cierre de la central at\u00f3mica. Las obras de descontaminaci\u00f3n y desmantelamiento de la planta llevar\u00e1n d\u00e9cadas.<\/p>","protected":false},"excerpt":{"rendered":"<p>Es un paso clave previo al programado cierre de la central at\u00f3mica. Las obras de&#8230;<\/p>\n","protected":false},"author":0,"featured_media":0,"comment_status":"open","ping_status":"open","sticky":false,"template":"","format":"standard","meta":{"footnotes":""},"categories":[4],"tags":[],"class_list":["post-2678","post","type-post","status-publish","format-standard","hentry","category-internacionales"],"_links":{"self":[{"href":"https:\/\/masquenoticiastucuman.com.ar\/index.php?rest_route=\/wp\/v2\/posts\/2678","targetHints":{"allow":["GET"]}}],"collection":[{"href":"https:\/\/masquenoticiastucuman.com.ar\/index.php?rest_route=\/wp\/v2\/posts"}],"about":[{"href":"https:\/\/masquenoticiastucuman.com.ar\/index.php?rest_route=\/wp\/v2\/types\/post"}],"replies":[{"embeddable":true,"href":"https:\/\/masquenoticiastucuman.com.ar\/index.php?rest_route=%2Fwp%2Fv2%2Fcomments&post=2678"}],"version-history":[{"count":0,"href":"https:\/\/masquenoticiastucuman.com.ar\/index.php?rest_route=\/wp\/v2\/posts\/2678\/revisions"}],"wp:attachment":[{"href":"https:\/\/masquenoticiastucuman.com.ar\/index.php?rest_route=%2Fwp%2Fv2%2Fmedia&parent=2678"}],"wp:term":[{"taxonomy":"category","embeddable":true,"href":"https:\/\/masquenoticiastucuman.com.ar\/index.php?rest_route=%2Fwp%2Fv2%2Fcategories&post=2678"},{"taxonomy":"post_tag","embeddable":true,"href":"https:\/\/masquenoticiastucuman.com.ar\/index.php?rest_route=%2Fwp%2Fv2%2Ftags&post=2678"}],"curies":[{"name":"wp","href":"https:\/\/api.w.org\/{rel}","templated":true}]}}