{"id":2682,"date":"2024-08-20T17:01:04","date_gmt":"2024-08-20T20:01:04","guid":{"rendered":"http:\/\/masquenoticiastucuman.com.ar\/?p=2682"},"modified":"2024-08-20T17:01:04","modified_gmt":"2024-08-20T20:01:04","slug":"los-juegos-olimpicos-y-el-mito-del-antidoping-a-los-nba-la-confesion-de-una-estrella-del-dream-team-y-la-verdad-revelada","status":"publish","type":"post","link":"https:\/\/masquenoticiastucuman.com.ar\/?p=2682","title":{"rendered":"Los Juegos Ol\u00edmpicos y el mito del antidoping a los NBA: la confesi\u00f3n de una estrella del Dream Team y la verdad revelada"},"content":{"rendered":"<p>Anthony Edwards cont\u00f3 que junto a Kevin Durant y Stephen Curry, no pudo festejar la victoria en los Juegos Ol\u00edmpicos de Par\u00eds 2024.Los motivos.<\/p>","protected":false},"excerpt":{"rendered":"<p>Anthony Edwards cont\u00f3 que junto a Kevin Durant y Stephen Curry, no pudo festejar la&#8230;<\/p>\n","protected":false},"author":0,"featured_media":0,"comment_status":"open","ping_status":"open","sticky":false,"template":"","format":"standard","meta":{"footnotes":""},"categories":[6],"tags":[],"class_list":["post-2682","post","type-post","status-publish","format-standard","hentry","category-deportes"],"_links":{"self":[{"href":"https:\/\/masquenoticiastucuman.com.ar\/index.php?rest_route=\/wp\/v2\/posts\/2682","targetHints":{"allow":["GET"]}}],"collection":[{"href":"https:\/\/masquenoticiastucuman.com.ar\/index.php?rest_route=\/wp\/v2\/posts"}],"about":[{"href":"https:\/\/masquenoticiastucuman.com.ar\/index.php?rest_route=\/wp\/v2\/types\/post"}],"replies":[{"embeddable":true,"href":"https:\/\/masquenoticiastucuman.com.ar\/index.php?rest_route=%2Fwp%2Fv2%2Fcomments&post=2682"}],"version-history":[{"count":0,"href":"https:\/\/masquenoticiastucuman.com.ar\/index.php?rest_route=\/wp\/v2\/posts\/2682\/revisions"}],"wp:attachment":[{"href":"https:\/\/masquenoticiastucuman.com.ar\/index.php?rest_route=%2Fwp%2Fv2%2Fmedia&parent=2682"}],"wp:term":[{"taxonomy":"category","embeddable":true,"href":"https:\/\/masquenoticiastucuman.com.ar\/index.php?rest_route=%2Fwp%2Fv2%2Fcategories&post=2682"},{"taxonomy":"post_tag","embeddable":true,"href":"https:\/\/masquenoticiastucuman.com.ar\/index.php?rest_route=%2Fwp%2Fv2%2Ftags&post=2682"}],"curies":[{"name":"wp","href":"https:\/\/api.w.org\/{rel}","templated":true}]}}