{"id":2723,"date":"2024-08-21T01:01:02","date_gmt":"2024-08-21T04:01:02","guid":{"rendered":"http:\/\/masquenoticiastucuman.com.ar\/?p=2723"},"modified":"2024-08-21T01:01:02","modified_gmt":"2024-08-21T04:01:02","slug":"no-es-cierto-que-la-produccion-agropecuaria-sea-nociva-para-el-medio-ambiente-remarco-el-presidente-de-cra","status":"publish","type":"post","link":"https:\/\/masquenoticiastucuman.com.ar\/?p=2723","title":{"rendered":"&#8220;No es cierto que la producci\u00f3n agropecuaria sea nociva para el medio ambiente&#8221;, remarc\u00f3 el presidente de CRA"},"content":{"rendered":"<p>En la Expo Venado, Carlos Castagnani se aline\u00f3 con el discurso del presidente Javier Milei, y defendi\u00f3 &#8220;la responsabilidad de nuestra actividad, reconocida a nivel mundial&#8221;. Y enfatiz\u00f3: &#8220;Los productores argentinos somos defensores del cuidado del medio ambiente y de las buenas pr\u00e1cticas agr\u00edcolas&#8221;.<\/p>","protected":false},"excerpt":{"rendered":"<p>En la Expo Venado, Carlos Castagnani se aline\u00f3 con el discurso del presidente Javier Milei,&#8230;<\/p>\n","protected":false},"author":0,"featured_media":0,"comment_status":"open","ping_status":"open","sticky":false,"template":"","format":"standard","meta":{"footnotes":""},"categories":[1],"tags":[],"class_list":["post-2723","post","type-post","status-publish","format-standard","hentry","category-uncategorized"],"_links":{"self":[{"href":"https:\/\/masquenoticiastucuman.com.ar\/index.php?rest_route=\/wp\/v2\/posts\/2723","targetHints":{"allow":["GET"]}}],"collection":[{"href":"https:\/\/masquenoticiastucuman.com.ar\/index.php?rest_route=\/wp\/v2\/posts"}],"about":[{"href":"https:\/\/masquenoticiastucuman.com.ar\/index.php?rest_route=\/wp\/v2\/types\/post"}],"replies":[{"embeddable":true,"href":"https:\/\/masquenoticiastucuman.com.ar\/index.php?rest_route=%2Fwp%2Fv2%2Fcomments&post=2723"}],"version-history":[{"count":0,"href":"https:\/\/masquenoticiastucuman.com.ar\/index.php?rest_route=\/wp\/v2\/posts\/2723\/revisions"}],"wp:attachment":[{"href":"https:\/\/masquenoticiastucuman.com.ar\/index.php?rest_route=%2Fwp%2Fv2%2Fmedia&parent=2723"}],"wp:term":[{"taxonomy":"category","embeddable":true,"href":"https:\/\/masquenoticiastucuman.com.ar\/index.php?rest_route=%2Fwp%2Fv2%2Fcategories&post=2723"},{"taxonomy":"post_tag","embeddable":true,"href":"https:\/\/masquenoticiastucuman.com.ar\/index.php?rest_route=%2Fwp%2Fv2%2Ftags&post=2723"}],"curies":[{"name":"wp","href":"https:\/\/api.w.org\/{rel}","templated":true}]}}