{"id":2735,"date":"2024-08-21T07:01:04","date_gmt":"2024-08-21T10:01:04","guid":{"rendered":"http:\/\/masquenoticiastucuman.com.ar\/?p=2735"},"modified":"2024-08-21T07:01:04","modified_gmt":"2024-08-21T10:01:04","slug":"damian-szifron-y-sus-mejores-recuerdos-a-10-anos-del-estreno-de-relatos-salvajes","status":"publish","type":"post","link":"https:\/\/masquenoticiastucuman.com.ar\/?p=2735","title":{"rendered":"Dami\u00e1n Szifron, y sus mejores recuerdos a 10 a\u00f1os del estreno de Relatos salvajes"},"content":{"rendered":"<p>C\u00f3mo eligi\u00f3 el elenco, cu\u00e1l episodio fue el m\u00e1s dif\u00edcil.Entrevista exclusiva al director, que cuenta qu\u00e9 pasa con la pel\u00edcula de &#8220;Los simuladores&#8221;.<\/p>","protected":false},"excerpt":{"rendered":"<p>C\u00f3mo eligi\u00f3 el elenco, cu\u00e1l episodio fue el m\u00e1s dif\u00edcil.Entrevista exclusiva al director, que cuenta&#8230;<\/p>\n","protected":false},"author":0,"featured_media":0,"comment_status":"open","ping_status":"open","sticky":false,"template":"","format":"standard","meta":{"footnotes":""},"categories":[5],"tags":[],"class_list":["post-2735","post","type-post","status-publish","format-standard","hentry","category-espectaculo"],"_links":{"self":[{"href":"https:\/\/masquenoticiastucuman.com.ar\/index.php?rest_route=\/wp\/v2\/posts\/2735","targetHints":{"allow":["GET"]}}],"collection":[{"href":"https:\/\/masquenoticiastucuman.com.ar\/index.php?rest_route=\/wp\/v2\/posts"}],"about":[{"href":"https:\/\/masquenoticiastucuman.com.ar\/index.php?rest_route=\/wp\/v2\/types\/post"}],"replies":[{"embeddable":true,"href":"https:\/\/masquenoticiastucuman.com.ar\/index.php?rest_route=%2Fwp%2Fv2%2Fcomments&post=2735"}],"version-history":[{"count":0,"href":"https:\/\/masquenoticiastucuman.com.ar\/index.php?rest_route=\/wp\/v2\/posts\/2735\/revisions"}],"wp:attachment":[{"href":"https:\/\/masquenoticiastucuman.com.ar\/index.php?rest_route=%2Fwp%2Fv2%2Fmedia&parent=2735"}],"wp:term":[{"taxonomy":"category","embeddable":true,"href":"https:\/\/masquenoticiastucuman.com.ar\/index.php?rest_route=%2Fwp%2Fv2%2Fcategories&post=2735"},{"taxonomy":"post_tag","embeddable":true,"href":"https:\/\/masquenoticiastucuman.com.ar\/index.php?rest_route=%2Fwp%2Fv2%2Ftags&post=2735"}],"curies":[{"name":"wp","href":"https:\/\/api.w.org\/{rel}","templated":true}]}}