{"id":2749,"date":"2024-08-21T10:01:04","date_gmt":"2024-08-21T13:01:04","guid":{"rendered":"http:\/\/masquenoticiastucuman.com.ar\/?p=2749"},"modified":"2024-08-21T10:01:04","modified_gmt":"2024-08-21T13:01:04","slug":"quienes-estaban-con-el-magnate-mike-lynch-cuando-se-hundio-su-yate","status":"publish","type":"post","link":"https:\/\/masquenoticiastucuman.com.ar\/?p=2749","title":{"rendered":"\u00bfQui\u00e9nes estaban con el magnate Mike Lynch cuando se hundi\u00f3 su yate?"},"content":{"rendered":"<p>El yate, una embarcaci\u00f3n de 54,8 metros llamada Bayesian, se hundi\u00f3 frente a la costa de Sicilia en una violenta tormenta. <\/p>","protected":false},"excerpt":{"rendered":"<p>El yate, una embarcaci\u00f3n de 54,8 metros llamada Bayesian, se hundi\u00f3 frente a la costa&#8230;<\/p>\n","protected":false},"author":0,"featured_media":0,"comment_status":"open","ping_status":"open","sticky":false,"template":"","format":"standard","meta":{"footnotes":""},"categories":[4],"tags":[],"class_list":["post-2749","post","type-post","status-publish","format-standard","hentry","category-internacionales"],"_links":{"self":[{"href":"https:\/\/masquenoticiastucuman.com.ar\/index.php?rest_route=\/wp\/v2\/posts\/2749","targetHints":{"allow":["GET"]}}],"collection":[{"href":"https:\/\/masquenoticiastucuman.com.ar\/index.php?rest_route=\/wp\/v2\/posts"}],"about":[{"href":"https:\/\/masquenoticiastucuman.com.ar\/index.php?rest_route=\/wp\/v2\/types\/post"}],"replies":[{"embeddable":true,"href":"https:\/\/masquenoticiastucuman.com.ar\/index.php?rest_route=%2Fwp%2Fv2%2Fcomments&post=2749"}],"version-history":[{"count":0,"href":"https:\/\/masquenoticiastucuman.com.ar\/index.php?rest_route=\/wp\/v2\/posts\/2749\/revisions"}],"wp:attachment":[{"href":"https:\/\/masquenoticiastucuman.com.ar\/index.php?rest_route=%2Fwp%2Fv2%2Fmedia&parent=2749"}],"wp:term":[{"taxonomy":"category","embeddable":true,"href":"https:\/\/masquenoticiastucuman.com.ar\/index.php?rest_route=%2Fwp%2Fv2%2Fcategories&post=2749"},{"taxonomy":"post_tag","embeddable":true,"href":"https:\/\/masquenoticiastucuman.com.ar\/index.php?rest_route=%2Fwp%2Fv2%2Ftags&post=2749"}],"curies":[{"name":"wp","href":"https:\/\/api.w.org\/{rel}","templated":true}]}}