{"id":2753,"date":"2024-08-21T11:01:02","date_gmt":"2024-08-21T14:01:02","guid":{"rendered":"http:\/\/masquenoticiastucuman.com.ar\/?p=2753"},"modified":"2024-08-21T11:01:02","modified_gmt":"2024-08-21T14:01:02","slug":"baja-significativa-por-la-chicharrita-la-nina-y-los-malos-precios-caera-mas-del-17-el-area-de-maiz","status":"publish","type":"post","link":"https:\/\/masquenoticiastucuman.com.ar\/?p=2753","title":{"rendered":"\u201cBaja significativa\u201d: por la chicharrita, La Ni\u00f1a y los malos precios, caer\u00e1 m\u00e1s del 17% el \u00e1rea de ma\u00edz"},"content":{"rendered":"<p>La superficie con destino a grano llegar\u00eda a 6,3 millones de hect\u00e1reas.Las relaciones insumo-producto empeoraron. Se apuntar\u00e1 a siembras tempranas si las lluvias lo permiten.<\/p>","protected":false},"excerpt":{"rendered":"<p>La superficie con destino a grano llegar\u00eda a 6,3 millones de hect\u00e1reas.Las relaciones insumo-producto empeoraron&#8230;.<\/p>\n","protected":false},"author":0,"featured_media":0,"comment_status":"open","ping_status":"open","sticky":false,"template":"","format":"standard","meta":{"footnotes":""},"categories":[1],"tags":[],"class_list":["post-2753","post","type-post","status-publish","format-standard","hentry","category-uncategorized"],"_links":{"self":[{"href":"https:\/\/masquenoticiastucuman.com.ar\/index.php?rest_route=\/wp\/v2\/posts\/2753","targetHints":{"allow":["GET"]}}],"collection":[{"href":"https:\/\/masquenoticiastucuman.com.ar\/index.php?rest_route=\/wp\/v2\/posts"}],"about":[{"href":"https:\/\/masquenoticiastucuman.com.ar\/index.php?rest_route=\/wp\/v2\/types\/post"}],"replies":[{"embeddable":true,"href":"https:\/\/masquenoticiastucuman.com.ar\/index.php?rest_route=%2Fwp%2Fv2%2Fcomments&post=2753"}],"version-history":[{"count":0,"href":"https:\/\/masquenoticiastucuman.com.ar\/index.php?rest_route=\/wp\/v2\/posts\/2753\/revisions"}],"wp:attachment":[{"href":"https:\/\/masquenoticiastucuman.com.ar\/index.php?rest_route=%2Fwp%2Fv2%2Fmedia&parent=2753"}],"wp:term":[{"taxonomy":"category","embeddable":true,"href":"https:\/\/masquenoticiastucuman.com.ar\/index.php?rest_route=%2Fwp%2Fv2%2Fcategories&post=2753"},{"taxonomy":"post_tag","embeddable":true,"href":"https:\/\/masquenoticiastucuman.com.ar\/index.php?rest_route=%2Fwp%2Fv2%2Ftags&post=2753"}],"curies":[{"name":"wp","href":"https:\/\/api.w.org\/{rel}","templated":true}]}}