{"id":2755,"date":"2024-08-21T11:01:05","date_gmt":"2024-08-21T14:01:05","guid":{"rendered":"http:\/\/masquenoticiastucuman.com.ar\/?p=2755"},"modified":"2024-08-21T11:01:05","modified_gmt":"2024-08-21T14:01:05","slug":"rating-guido-kaczka-no-pudo-revalidar-el-titulo-de-lo-mas-visto-del-dia-quien-le-arrebato-el-puesto","status":"publish","type":"post","link":"https:\/\/masquenoticiastucuman.com.ar\/?p=2755","title":{"rendered":"Rating: Guido Kaczka no pudo revalidar el t\u00edtulo de &#8220;lo m\u00e1s visto del d\u00eda&#8221;, \u00bfqui\u00e9n le arrebat\u00f3 el puesto?"},"content":{"rendered":"<p>El estreno de &#8220;The Floor&#8221; hab\u00eda arrasado el lunes, pero el martes perdi\u00f3 algo de audiencia.C\u00f3mo qued\u00f3 el &#8220;Top Five&#8221; del martes.Los m\u00e1s vistos de cada canal.<\/p>","protected":false},"excerpt":{"rendered":"<p>El estreno de &#8220;The Floor&#8221; hab\u00eda arrasado el lunes, pero el martes perdi\u00f3 algo de&#8230;<\/p>\n","protected":false},"author":0,"featured_media":0,"comment_status":"open","ping_status":"open","sticky":false,"template":"","format":"standard","meta":{"footnotes":""},"categories":[5],"tags":[],"class_list":["post-2755","post","type-post","status-publish","format-standard","hentry","category-espectaculo"],"_links":{"self":[{"href":"https:\/\/masquenoticiastucuman.com.ar\/index.php?rest_route=\/wp\/v2\/posts\/2755","targetHints":{"allow":["GET"]}}],"collection":[{"href":"https:\/\/masquenoticiastucuman.com.ar\/index.php?rest_route=\/wp\/v2\/posts"}],"about":[{"href":"https:\/\/masquenoticiastucuman.com.ar\/index.php?rest_route=\/wp\/v2\/types\/post"}],"replies":[{"embeddable":true,"href":"https:\/\/masquenoticiastucuman.com.ar\/index.php?rest_route=%2Fwp%2Fv2%2Fcomments&post=2755"}],"version-history":[{"count":0,"href":"https:\/\/masquenoticiastucuman.com.ar\/index.php?rest_route=\/wp\/v2\/posts\/2755\/revisions"}],"wp:attachment":[{"href":"https:\/\/masquenoticiastucuman.com.ar\/index.php?rest_route=%2Fwp%2Fv2%2Fmedia&parent=2755"}],"wp:term":[{"taxonomy":"category","embeddable":true,"href":"https:\/\/masquenoticiastucuman.com.ar\/index.php?rest_route=%2Fwp%2Fv2%2Fcategories&post=2755"},{"taxonomy":"post_tag","embeddable":true,"href":"https:\/\/masquenoticiastucuman.com.ar\/index.php?rest_route=%2Fwp%2Fv2%2Ftags&post=2755"}],"curies":[{"name":"wp","href":"https:\/\/api.w.org\/{rel}","templated":true}]}}