{"id":2765,"date":"2024-08-21T13:01:03","date_gmt":"2024-08-21T16:01:03","guid":{"rendered":"http:\/\/masquenoticiastucuman.com.ar\/?p=2765"},"modified":"2024-08-21T13:01:03","modified_gmt":"2024-08-21T16:01:03","slug":"a-una-semana-de-su-muerte-alain-delon-sera-enterrado-el-sabado-en-una-ceremonia-pequena-y-privada","status":"publish","type":"post","link":"https:\/\/masquenoticiastucuman.com.ar\/?p=2765","title":{"rendered":"A una semana de su muerte, Alain Delon ser\u00e1 enterrado el s\u00e1bado en una ceremonia peque\u00f1a y privada"},"content":{"rendered":"<p>El legendario actor franc\u00e9s, que falleci\u00f3 a los 88 a\u00f1os, ser\u00e1 despedido en una capilla que construy\u00f3 en su casa.<strong>\u00bfQu\u00e9 pasar\u00e1 con su perro Loubo?<\/strong><\/p>","protected":false},"excerpt":{"rendered":"<p>El legendario actor franc\u00e9s, que falleci\u00f3 a los 88 a\u00f1os, ser\u00e1 despedido en una capilla&#8230;<\/p>\n","protected":false},"author":0,"featured_media":0,"comment_status":"open","ping_status":"open","sticky":false,"template":"","format":"standard","meta":{"footnotes":""},"categories":[5],"tags":[],"class_list":["post-2765","post","type-post","status-publish","format-standard","hentry","category-espectaculo"],"_links":{"self":[{"href":"https:\/\/masquenoticiastucuman.com.ar\/index.php?rest_route=\/wp\/v2\/posts\/2765","targetHints":{"allow":["GET"]}}],"collection":[{"href":"https:\/\/masquenoticiastucuman.com.ar\/index.php?rest_route=\/wp\/v2\/posts"}],"about":[{"href":"https:\/\/masquenoticiastucuman.com.ar\/index.php?rest_route=\/wp\/v2\/types\/post"}],"replies":[{"embeddable":true,"href":"https:\/\/masquenoticiastucuman.com.ar\/index.php?rest_route=%2Fwp%2Fv2%2Fcomments&post=2765"}],"version-history":[{"count":0,"href":"https:\/\/masquenoticiastucuman.com.ar\/index.php?rest_route=\/wp\/v2\/posts\/2765\/revisions"}],"wp:attachment":[{"href":"https:\/\/masquenoticiastucuman.com.ar\/index.php?rest_route=%2Fwp%2Fv2%2Fmedia&parent=2765"}],"wp:term":[{"taxonomy":"category","embeddable":true,"href":"https:\/\/masquenoticiastucuman.com.ar\/index.php?rest_route=%2Fwp%2Fv2%2Fcategories&post=2765"},{"taxonomy":"post_tag","embeddable":true,"href":"https:\/\/masquenoticiastucuman.com.ar\/index.php?rest_route=%2Fwp%2Fv2%2Ftags&post=2765"}],"curies":[{"name":"wp","href":"https:\/\/api.w.org\/{rel}","templated":true}]}}