{"id":2767,"date":"2024-08-21T13:01:04","date_gmt":"2024-08-21T16:01:04","guid":{"rendered":"http:\/\/masquenoticiastucuman.com.ar\/?p=2767"},"modified":"2024-08-21T13:01:04","modified_gmt":"2024-08-21T16:01:04","slug":"dibu-martinez-les-dio-una-gran-noticia-a-los-hinchas-de-aston-villa","status":"publish","type":"post","link":"https:\/\/masquenoticiastucuman.com.ar\/?p=2767","title":{"rendered":"Dibu Mart\u00ednez les dio una gran noticia a los hinchas de Aston Villa"},"content":{"rendered":"<p>El campe\u00f3n del mundo anunci\u00f3 que seguir\u00e1 siendo parte de los Villans hasta junio de 2029.Cont\u00f3 que tiene como objetivo disputar la Champions League y llevar al conjunto ingl\u00e9s a lo m\u00e1s alto.<\/p>","protected":false},"excerpt":{"rendered":"<p>El campe\u00f3n del mundo anunci\u00f3 que seguir\u00e1 siendo parte de los Villans hasta junio de&#8230;<\/p>\n","protected":false},"author":0,"featured_media":0,"comment_status":"open","ping_status":"open","sticky":false,"template":"","format":"standard","meta":{"footnotes":""},"categories":[6],"tags":[],"class_list":["post-2767","post","type-post","status-publish","format-standard","hentry","category-deportes"],"_links":{"self":[{"href":"https:\/\/masquenoticiastucuman.com.ar\/index.php?rest_route=\/wp\/v2\/posts\/2767","targetHints":{"allow":["GET"]}}],"collection":[{"href":"https:\/\/masquenoticiastucuman.com.ar\/index.php?rest_route=\/wp\/v2\/posts"}],"about":[{"href":"https:\/\/masquenoticiastucuman.com.ar\/index.php?rest_route=\/wp\/v2\/types\/post"}],"replies":[{"embeddable":true,"href":"https:\/\/masquenoticiastucuman.com.ar\/index.php?rest_route=%2Fwp%2Fv2%2Fcomments&post=2767"}],"version-history":[{"count":0,"href":"https:\/\/masquenoticiastucuman.com.ar\/index.php?rest_route=\/wp\/v2\/posts\/2767\/revisions"}],"wp:attachment":[{"href":"https:\/\/masquenoticiastucuman.com.ar\/index.php?rest_route=%2Fwp%2Fv2%2Fmedia&parent=2767"}],"wp:term":[{"taxonomy":"category","embeddable":true,"href":"https:\/\/masquenoticiastucuman.com.ar\/index.php?rest_route=%2Fwp%2Fv2%2Fcategories&post=2767"},{"taxonomy":"post_tag","embeddable":true,"href":"https:\/\/masquenoticiastucuman.com.ar\/index.php?rest_route=%2Fwp%2Fv2%2Ftags&post=2767"}],"curies":[{"name":"wp","href":"https:\/\/api.w.org\/{rel}","templated":true}]}}