{"id":2773,"date":"2024-08-21T14:01:02","date_gmt":"2024-08-21T17:01:02","guid":{"rendered":"http:\/\/masquenoticiastucuman.com.ar\/?p=2773"},"modified":"2024-08-21T14:01:02","modified_gmt":"2024-08-21T17:01:02","slug":"el-frio-achico-a-la-chicharrita-del-maiz-donde-esta-parada-cada-region-para-encarar-la-siembra","status":"publish","type":"post","link":"https:\/\/masquenoticiastucuman.com.ar\/?p=2773","title":{"rendered":"El fr\u00edo achic\u00f3 a la chicharrita del ma\u00edz: d\u00f3nde est\u00e1 parada cada regi\u00f3n para encarar la siembra"},"content":{"rendered":"<p>La Red Nacional de Monitoreo detect\u00f3 una importante reducci\u00f3n de la poblaci\u00f3n del insecto.Qu\u00e9 medidas preventivas tomar a poco del inicio de la campa\u00f1a<\/p>","protected":false},"excerpt":{"rendered":"<p>La Red Nacional de Monitoreo detect\u00f3 una importante reducci\u00f3n de la poblaci\u00f3n del insecto.Qu\u00e9 medidas&#8230;<\/p>\n","protected":false},"author":0,"featured_media":0,"comment_status":"open","ping_status":"open","sticky":false,"template":"","format":"standard","meta":{"footnotes":""},"categories":[1],"tags":[],"class_list":["post-2773","post","type-post","status-publish","format-standard","hentry","category-uncategorized"],"_links":{"self":[{"href":"https:\/\/masquenoticiastucuman.com.ar\/index.php?rest_route=\/wp\/v2\/posts\/2773","targetHints":{"allow":["GET"]}}],"collection":[{"href":"https:\/\/masquenoticiastucuman.com.ar\/index.php?rest_route=\/wp\/v2\/posts"}],"about":[{"href":"https:\/\/masquenoticiastucuman.com.ar\/index.php?rest_route=\/wp\/v2\/types\/post"}],"replies":[{"embeddable":true,"href":"https:\/\/masquenoticiastucuman.com.ar\/index.php?rest_route=%2Fwp%2Fv2%2Fcomments&post=2773"}],"version-history":[{"count":0,"href":"https:\/\/masquenoticiastucuman.com.ar\/index.php?rest_route=\/wp\/v2\/posts\/2773\/revisions"}],"wp:attachment":[{"href":"https:\/\/masquenoticiastucuman.com.ar\/index.php?rest_route=%2Fwp%2Fv2%2Fmedia&parent=2773"}],"wp:term":[{"taxonomy":"category","embeddable":true,"href":"https:\/\/masquenoticiastucuman.com.ar\/index.php?rest_route=%2Fwp%2Fv2%2Fcategories&post=2773"},{"taxonomy":"post_tag","embeddable":true,"href":"https:\/\/masquenoticiastucuman.com.ar\/index.php?rest_route=%2Fwp%2Fv2%2Ftags&post=2773"}],"curies":[{"name":"wp","href":"https:\/\/api.w.org\/{rel}","templated":true}]}}