{"id":2775,"date":"2024-08-21T14:01:04","date_gmt":"2024-08-21T17:01:04","guid":{"rendered":"http:\/\/masquenoticiastucuman.com.ar\/?p=2775"},"modified":"2024-08-21T14:01:04","modified_gmt":"2024-08-21T17:01:04","slug":"un-alto-funcionario-de-ee-uu-viene-a-firmar-un-acuerdo-de-inversiones-mineras-para-no-perder-terreno-frente-a-china","status":"publish","type":"post","link":"https:\/\/masquenoticiastucuman.com.ar\/?p=2775","title":{"rendered":"Un alto funcionario de EE.UU. viene a firmar un acuerdo de inversiones mineras para no perder terreno frente a China"},"content":{"rendered":"<p>Se trata del subsecretario de Crecimiento Econ\u00f3mico, Energ\u00eda y Medio Ambiente, Jose W. Fern\u00e1ndezRubricar\u00e1 con Mondino un memor\u00e1ndum de entendimiento para las inversiones como el litio, donde China ya tiene fuerte presencia.<\/p>","protected":false},"excerpt":{"rendered":"<p>Se trata del subsecretario de Crecimiento Econ\u00f3mico, Energ\u00eda y Medio Ambiente, Jose W. Fern\u00e1ndezRubricar\u00e1 con&#8230;<\/p>\n","protected":false},"author":0,"featured_media":0,"comment_status":"open","ping_status":"open","sticky":false,"template":"","format":"standard","meta":{"footnotes":""},"categories":[3],"tags":[],"class_list":["post-2775","post","type-post","status-publish","format-standard","hentry","category-nacionales"],"_links":{"self":[{"href":"https:\/\/masquenoticiastucuman.com.ar\/index.php?rest_route=\/wp\/v2\/posts\/2775","targetHints":{"allow":["GET"]}}],"collection":[{"href":"https:\/\/masquenoticiastucuman.com.ar\/index.php?rest_route=\/wp\/v2\/posts"}],"about":[{"href":"https:\/\/masquenoticiastucuman.com.ar\/index.php?rest_route=\/wp\/v2\/types\/post"}],"replies":[{"embeddable":true,"href":"https:\/\/masquenoticiastucuman.com.ar\/index.php?rest_route=%2Fwp%2Fv2%2Fcomments&post=2775"}],"version-history":[{"count":0,"href":"https:\/\/masquenoticiastucuman.com.ar\/index.php?rest_route=\/wp\/v2\/posts\/2775\/revisions"}],"wp:attachment":[{"href":"https:\/\/masquenoticiastucuman.com.ar\/index.php?rest_route=%2Fwp%2Fv2%2Fmedia&parent=2775"}],"wp:term":[{"taxonomy":"category","embeddable":true,"href":"https:\/\/masquenoticiastucuman.com.ar\/index.php?rest_route=%2Fwp%2Fv2%2Fcategories&post=2775"},{"taxonomy":"post_tag","embeddable":true,"href":"https:\/\/masquenoticiastucuman.com.ar\/index.php?rest_route=%2Fwp%2Fv2%2Ftags&post=2775"}],"curies":[{"name":"wp","href":"https:\/\/api.w.org\/{rel}","templated":true}]}}