{"id":2779,"date":"2024-08-21T15:01:03","date_gmt":"2024-08-21T18:01:03","guid":{"rendered":"http:\/\/masquenoticiastucuman.com.ar\/?p=2779"},"modified":"2024-08-21T15:01:03","modified_gmt":"2024-08-21T18:01:03","slug":"valentin-barco-se-va-del-brighton-lo-espera-un-club-importante-de-laliga-de-espana","status":"publish","type":"post","link":"https:\/\/masquenoticiastucuman.com.ar\/?p=2779","title":{"rendered":"Valent\u00edn Barco se va del Brighton: lo espera un club importante de LaLiga de Espa\u00f1a"},"content":{"rendered":"<p>El Colo lleg\u00f3 a un arreglo de palabra para ocupar el lugar que dej\u00f3 un compatriota.Se sumar\u00e1 a su nuevo destino sin cargo y sin opci\u00f3n de compra.<\/p>","protected":false},"excerpt":{"rendered":"<p>El Colo lleg\u00f3 a un arreglo de palabra para ocupar el lugar que dej\u00f3 un&#8230;<\/p>\n","protected":false},"author":0,"featured_media":0,"comment_status":"open","ping_status":"open","sticky":false,"template":"","format":"standard","meta":{"footnotes":""},"categories":[6],"tags":[],"class_list":["post-2779","post","type-post","status-publish","format-standard","hentry","category-deportes"],"_links":{"self":[{"href":"https:\/\/masquenoticiastucuman.com.ar\/index.php?rest_route=\/wp\/v2\/posts\/2779","targetHints":{"allow":["GET"]}}],"collection":[{"href":"https:\/\/masquenoticiastucuman.com.ar\/index.php?rest_route=\/wp\/v2\/posts"}],"about":[{"href":"https:\/\/masquenoticiastucuman.com.ar\/index.php?rest_route=\/wp\/v2\/types\/post"}],"replies":[{"embeddable":true,"href":"https:\/\/masquenoticiastucuman.com.ar\/index.php?rest_route=%2Fwp%2Fv2%2Fcomments&post=2779"}],"version-history":[{"count":0,"href":"https:\/\/masquenoticiastucuman.com.ar\/index.php?rest_route=\/wp\/v2\/posts\/2779\/revisions"}],"wp:attachment":[{"href":"https:\/\/masquenoticiastucuman.com.ar\/index.php?rest_route=%2Fwp%2Fv2%2Fmedia&parent=2779"}],"wp:term":[{"taxonomy":"category","embeddable":true,"href":"https:\/\/masquenoticiastucuman.com.ar\/index.php?rest_route=%2Fwp%2Fv2%2Fcategories&post=2779"},{"taxonomy":"post_tag","embeddable":true,"href":"https:\/\/masquenoticiastucuman.com.ar\/index.php?rest_route=%2Fwp%2Fv2%2Ftags&post=2779"}],"curies":[{"name":"wp","href":"https:\/\/api.w.org\/{rel}","templated":true}]}}