{"id":2789,"date":"2024-08-21T17:01:02","date_gmt":"2024-08-21T20:01:02","guid":{"rendered":"http:\/\/masquenoticiastucuman.com.ar\/?p=2789"},"modified":"2024-08-21T17:01:02","modified_gmt":"2024-08-21T20:01:02","slug":"juan-martin-del-potro-volvio-a-nueva-york-para-entrenarse-junto-a-novak-djokovic-y-reeditar-por-un-rato-la-final-del-us-open-de-2018","status":"publish","type":"post","link":"https:\/\/masquenoticiastucuman.com.ar\/?p=2789","title":{"rendered":"Juan Mart\u00edn Del Potro volvi\u00f3 a Nueva York para entrenarse junto a Novak Djokovic y reeditar por un rato la final del US Open de 2018"},"content":{"rendered":"<p>El tandilense, alejado del circuito desde 2022, volvi\u00f3 a Arthur Ashe donde fue campe\u00f3n en 2009.El serbio le gan\u00f3 la final hace seis a\u00f1os.En diciembre jugar\u00edan un partido de exhibici\u00f3n en Argentina.<\/p>","protected":false},"excerpt":{"rendered":"<p>El tandilense, alejado del circuito desde 2022, volvi\u00f3 a Arthur Ashe donde fue campe\u00f3n en&#8230;<\/p>\n","protected":false},"author":0,"featured_media":0,"comment_status":"open","ping_status":"open","sticky":false,"template":"","format":"standard","meta":{"footnotes":""},"categories":[6],"tags":[],"class_list":["post-2789","post","type-post","status-publish","format-standard","hentry","category-deportes"],"_links":{"self":[{"href":"https:\/\/masquenoticiastucuman.com.ar\/index.php?rest_route=\/wp\/v2\/posts\/2789","targetHints":{"allow":["GET"]}}],"collection":[{"href":"https:\/\/masquenoticiastucuman.com.ar\/index.php?rest_route=\/wp\/v2\/posts"}],"about":[{"href":"https:\/\/masquenoticiastucuman.com.ar\/index.php?rest_route=\/wp\/v2\/types\/post"}],"replies":[{"embeddable":true,"href":"https:\/\/masquenoticiastucuman.com.ar\/index.php?rest_route=%2Fwp%2Fv2%2Fcomments&post=2789"}],"version-history":[{"count":0,"href":"https:\/\/masquenoticiastucuman.com.ar\/index.php?rest_route=\/wp\/v2\/posts\/2789\/revisions"}],"wp:attachment":[{"href":"https:\/\/masquenoticiastucuman.com.ar\/index.php?rest_route=%2Fwp%2Fv2%2Fmedia&parent=2789"}],"wp:term":[{"taxonomy":"category","embeddable":true,"href":"https:\/\/masquenoticiastucuman.com.ar\/index.php?rest_route=%2Fwp%2Fv2%2Fcategories&post=2789"},{"taxonomy":"post_tag","embeddable":true,"href":"https:\/\/masquenoticiastucuman.com.ar\/index.php?rest_route=%2Fwp%2Fv2%2Ftags&post=2789"}],"curies":[{"name":"wp","href":"https:\/\/api.w.org\/{rel}","templated":true}]}}