{"id":2797,"date":"2024-08-21T18:01:03","date_gmt":"2024-08-21T21:01:03","guid":{"rendered":"http:\/\/masquenoticiastucuman.com.ar\/?p=2797"},"modified":"2024-08-21T18:01:03","modified_gmt":"2024-08-21T21:01:03","slug":"san-lorenzo-anuncio-que-elevara-un-reclamo-a-conmebol-por-la-feroz-represion-de-la-policia-que-sufrieron-sus-hinchas-en-brasil","status":"publish","type":"post","link":"https:\/\/masquenoticiastucuman.com.ar\/?p=2797","title":{"rendered":"San Lorenzo anunci\u00f3 que elevar\u00e1 un reclamo a Conmebol por la &#8220;feroz represi\u00f3n&#8221; de la polic\u00eda que sufrieron sus hinchas en Brasil"},"content":{"rendered":"<p>Lo hizo a trav\u00e9s de un extenso comunicado que public\u00f3 en sus redes sociales.&#8221;La polic\u00eda requis\u00f3 los micros violentamente y detuvo a cuatro personas&#8221;, informaron.C\u00f3mo accion\u00f3 el club y los dirigentes que se asignaron para liberar a los hinchas.<\/p>","protected":false},"excerpt":{"rendered":"<p>Lo hizo a trav\u00e9s de un extenso comunicado que public\u00f3 en sus redes sociales.&#8221;La polic\u00eda&#8230;<\/p>\n","protected":false},"author":0,"featured_media":0,"comment_status":"open","ping_status":"open","sticky":false,"template":"","format":"standard","meta":{"footnotes":""},"categories":[6],"tags":[],"class_list":["post-2797","post","type-post","status-publish","format-standard","hentry","category-deportes"],"_links":{"self":[{"href":"https:\/\/masquenoticiastucuman.com.ar\/index.php?rest_route=\/wp\/v2\/posts\/2797","targetHints":{"allow":["GET"]}}],"collection":[{"href":"https:\/\/masquenoticiastucuman.com.ar\/index.php?rest_route=\/wp\/v2\/posts"}],"about":[{"href":"https:\/\/masquenoticiastucuman.com.ar\/index.php?rest_route=\/wp\/v2\/types\/post"}],"replies":[{"embeddable":true,"href":"https:\/\/masquenoticiastucuman.com.ar\/index.php?rest_route=%2Fwp%2Fv2%2Fcomments&post=2797"}],"version-history":[{"count":0,"href":"https:\/\/masquenoticiastucuman.com.ar\/index.php?rest_route=\/wp\/v2\/posts\/2797\/revisions"}],"wp:attachment":[{"href":"https:\/\/masquenoticiastucuman.com.ar\/index.php?rest_route=%2Fwp%2Fv2%2Fmedia&parent=2797"}],"wp:term":[{"taxonomy":"category","embeddable":true,"href":"https:\/\/masquenoticiastucuman.com.ar\/index.php?rest_route=%2Fwp%2Fv2%2Fcategories&post=2797"},{"taxonomy":"post_tag","embeddable":true,"href":"https:\/\/masquenoticiastucuman.com.ar\/index.php?rest_route=%2Fwp%2Fv2%2Ftags&post=2797"}],"curies":[{"name":"wp","href":"https:\/\/api.w.org\/{rel}","templated":true}]}}