{"id":2836,"date":"2024-08-22T02:01:03","date_gmt":"2024-08-22T05:01:03","guid":{"rendered":"http:\/\/masquenoticiastucuman.com.ar\/?p=2836"},"modified":"2024-08-22T02:01:03","modified_gmt":"2024-08-22T05:01:03","slug":"elecciones-en-estados-unidos-el-vice-de-kamala-harris-se-presento-en-la-convencion-democrata-como-un-hombre-simple-que-defendera-la-libertad-de-los-estadounidenses","status":"publish","type":"post","link":"https:\/\/masquenoticiastucuman.com.ar\/?p=2836","title":{"rendered":"Elecciones en Estados Unidos: el vice de Kamala Harris se present\u00f3 en la Convenci\u00f3n Dem\u00f3crata como un hombre simple que defender\u00e1 la libertad de los estadounidenses"},"content":{"rendered":"<p>Tim Walz, gobernador de Minnesota, acept\u00f3 la nominaci\u00f3n que lo coloca en la re\u00f1ida pelea por la Casa Blanca.De 60 a\u00f1os, profesor, entrenador de f\u00fatbol americano y militar retirado, dio su primer discurso ante los delegados y la audiencia nacional por TV.<\/p>","protected":false},"excerpt":{"rendered":"<p>Tim Walz, gobernador de Minnesota, acept\u00f3 la nominaci\u00f3n que lo coloca en la re\u00f1ida pelea&#8230;<\/p>\n","protected":false},"author":0,"featured_media":0,"comment_status":"open","ping_status":"open","sticky":false,"template":"","format":"standard","meta":{"footnotes":""},"categories":[4],"tags":[],"class_list":["post-2836","post","type-post","status-publish","format-standard","hentry","category-internacionales"],"_links":{"self":[{"href":"https:\/\/masquenoticiastucuman.com.ar\/index.php?rest_route=\/wp\/v2\/posts\/2836","targetHints":{"allow":["GET"]}}],"collection":[{"href":"https:\/\/masquenoticiastucuman.com.ar\/index.php?rest_route=\/wp\/v2\/posts"}],"about":[{"href":"https:\/\/masquenoticiastucuman.com.ar\/index.php?rest_route=\/wp\/v2\/types\/post"}],"replies":[{"embeddable":true,"href":"https:\/\/masquenoticiastucuman.com.ar\/index.php?rest_route=%2Fwp%2Fv2%2Fcomments&post=2836"}],"version-history":[{"count":0,"href":"https:\/\/masquenoticiastucuman.com.ar\/index.php?rest_route=\/wp\/v2\/posts\/2836\/revisions"}],"wp:attachment":[{"href":"https:\/\/masquenoticiastucuman.com.ar\/index.php?rest_route=%2Fwp%2Fv2%2Fmedia&parent=2836"}],"wp:term":[{"taxonomy":"category","embeddable":true,"href":"https:\/\/masquenoticiastucuman.com.ar\/index.php?rest_route=%2Fwp%2Fv2%2Fcategories&post=2836"},{"taxonomy":"post_tag","embeddable":true,"href":"https:\/\/masquenoticiastucuman.com.ar\/index.php?rest_route=%2Fwp%2Fv2%2Ftags&post=2836"}],"curies":[{"name":"wp","href":"https:\/\/api.w.org\/{rel}","templated":true}]}}