{"id":2852,"date":"2024-08-22T08:01:02","date_gmt":"2024-08-22T11:01:02","guid":{"rendered":"http:\/\/masquenoticiastucuman.com.ar\/?p=2852"},"modified":"2024-08-22T08:01:02","modified_gmt":"2024-08-22T11:01:02","slug":"el-encargado-capitulo-7-de-la-temporada-3-cuando-se-estrena-el-ultimo-episodio-a-que-hora-y-por-donde-ver-la-serie","status":"publish","type":"post","link":"https:\/\/masquenoticiastucuman.com.ar\/?p=2852","title":{"rendered":"El Encargado, cap\u00edtulo 7 de la temporada 3: cu\u00e1ndo se estrena el \u00faltimo episodio, a qu\u00e9 hora y por d\u00f3nde ver la serie"},"content":{"rendered":"<p>La exitosa serie protagonizada por Guillermo Francella estrenar\u00e1 cap\u00edtulo 6 de la temporada 3 esta semana.Esta semana se estrena el \u00faltimo cap\u00edtulo.<\/p>","protected":false},"excerpt":{"rendered":"<p>La exitosa serie protagonizada por Guillermo Francella estrenar\u00e1 cap\u00edtulo 6 de la temporada 3 esta&#8230;<\/p>\n","protected":false},"author":0,"featured_media":0,"comment_status":"open","ping_status":"open","sticky":false,"template":"","format":"standard","meta":{"footnotes":""},"categories":[5],"tags":[],"class_list":["post-2852","post","type-post","status-publish","format-standard","hentry","category-espectaculo"],"_links":{"self":[{"href":"https:\/\/masquenoticiastucuman.com.ar\/index.php?rest_route=\/wp\/v2\/posts\/2852","targetHints":{"allow":["GET"]}}],"collection":[{"href":"https:\/\/masquenoticiastucuman.com.ar\/index.php?rest_route=\/wp\/v2\/posts"}],"about":[{"href":"https:\/\/masquenoticiastucuman.com.ar\/index.php?rest_route=\/wp\/v2\/types\/post"}],"replies":[{"embeddable":true,"href":"https:\/\/masquenoticiastucuman.com.ar\/index.php?rest_route=%2Fwp%2Fv2%2Fcomments&post=2852"}],"version-history":[{"count":0,"href":"https:\/\/masquenoticiastucuman.com.ar\/index.php?rest_route=\/wp\/v2\/posts\/2852\/revisions"}],"wp:attachment":[{"href":"https:\/\/masquenoticiastucuman.com.ar\/index.php?rest_route=%2Fwp%2Fv2%2Fmedia&parent=2852"}],"wp:term":[{"taxonomy":"category","embeddable":true,"href":"https:\/\/masquenoticiastucuman.com.ar\/index.php?rest_route=%2Fwp%2Fv2%2Fcategories&post=2852"},{"taxonomy":"post_tag","embeddable":true,"href":"https:\/\/masquenoticiastucuman.com.ar\/index.php?rest_route=%2Fwp%2Fv2%2Ftags&post=2852"}],"curies":[{"name":"wp","href":"https:\/\/api.w.org\/{rel}","templated":true}]}}