{"id":2854,"date":"2024-08-22T08:01:04","date_gmt":"2024-08-22T11:01:04","guid":{"rendered":"http:\/\/masquenoticiastucuman.com.ar\/?p=2854"},"modified":"2024-08-22T08:01:04","modified_gmt":"2024-08-22T11:01:04","slug":"los-4-cambios-en-las-jubilaciones-que-hoy-el-senado-podria-convertir-en-ley","status":"publish","type":"post","link":"https:\/\/masquenoticiastucuman.com.ar\/?p=2854","title":{"rendered":"Los 4 cambios en las jubilaciones que hoy el Senado podr\u00eda convertir en ley"},"content":{"rendered":"<p>El Senado se re\u00fane en sesi\u00f3n especial este jueves para tratar el proyecto de reforma jubilatoria.El proyecto ya cuenta con la aprobaci\u00f3n de Diputados.<\/p>","protected":false},"excerpt":{"rendered":"<p>El Senado se re\u00fane en sesi\u00f3n especial este jueves para tratar el proyecto de reforma&#8230;<\/p>\n","protected":false},"author":0,"featured_media":0,"comment_status":"open","ping_status":"open","sticky":false,"template":"","format":"standard","meta":{"footnotes":""},"categories":[3],"tags":[],"class_list":["post-2854","post","type-post","status-publish","format-standard","hentry","category-nacionales"],"_links":{"self":[{"href":"https:\/\/masquenoticiastucuman.com.ar\/index.php?rest_route=\/wp\/v2\/posts\/2854","targetHints":{"allow":["GET"]}}],"collection":[{"href":"https:\/\/masquenoticiastucuman.com.ar\/index.php?rest_route=\/wp\/v2\/posts"}],"about":[{"href":"https:\/\/masquenoticiastucuman.com.ar\/index.php?rest_route=\/wp\/v2\/types\/post"}],"replies":[{"embeddable":true,"href":"https:\/\/masquenoticiastucuman.com.ar\/index.php?rest_route=%2Fwp%2Fv2%2Fcomments&post=2854"}],"version-history":[{"count":0,"href":"https:\/\/masquenoticiastucuman.com.ar\/index.php?rest_route=\/wp\/v2\/posts\/2854\/revisions"}],"wp:attachment":[{"href":"https:\/\/masquenoticiastucuman.com.ar\/index.php?rest_route=%2Fwp%2Fv2%2Fmedia&parent=2854"}],"wp:term":[{"taxonomy":"category","embeddable":true,"href":"https:\/\/masquenoticiastucuman.com.ar\/index.php?rest_route=%2Fwp%2Fv2%2Fcategories&post=2854"},{"taxonomy":"post_tag","embeddable":true,"href":"https:\/\/masquenoticiastucuman.com.ar\/index.php?rest_route=%2Fwp%2Fv2%2Ftags&post=2854"}],"curies":[{"name":"wp","href":"https:\/\/api.w.org\/{rel}","templated":true}]}}