{"id":2856,"date":"2024-08-22T10:01:02","date_gmt":"2024-08-22T13:01:02","guid":{"rendered":"http:\/\/masquenoticiastucuman.com.ar\/?p=2856"},"modified":"2024-08-22T10:01:02","modified_gmt":"2024-08-22T13:01:02","slug":"river-y-el-camino-hacia-la-copa-libertadores-el-colo-colo-de-jorge-almiron-un-brasileno-terrenal-y-la-final-en-el-monumental","status":"publish","type":"post","link":"https:\/\/masquenoticiastucuman.com.ar\/?p=2856","title":{"rendered":"River y el camino hacia la Copa Libertadores: el Colo-Colo de Jorge Almir\u00f3n, un brasile\u00f1o terrenal y la final en el Monumental"},"content":{"rendered":"<p>El equipo de Marcelo Gallardo pas\u00f3 a Talleres y sue\u00f1a.Ahora se le vienen los chilenos, dirigidos por un ex Boca.Fluminense o Atl\u00e9tico Mineiro llegar\u00edan en semifinales.<\/p>","protected":false},"excerpt":{"rendered":"<p>El equipo de Marcelo Gallardo pas\u00f3 a Talleres y sue\u00f1a.Ahora se le vienen los chilenos,&#8230;<\/p>\n","protected":false},"author":0,"featured_media":0,"comment_status":"open","ping_status":"open","sticky":false,"template":"","format":"standard","meta":{"footnotes":""},"categories":[6],"tags":[],"class_list":["post-2856","post","type-post","status-publish","format-standard","hentry","category-deportes"],"_links":{"self":[{"href":"https:\/\/masquenoticiastucuman.com.ar\/index.php?rest_route=\/wp\/v2\/posts\/2856","targetHints":{"allow":["GET"]}}],"collection":[{"href":"https:\/\/masquenoticiastucuman.com.ar\/index.php?rest_route=\/wp\/v2\/posts"}],"about":[{"href":"https:\/\/masquenoticiastucuman.com.ar\/index.php?rest_route=\/wp\/v2\/types\/post"}],"replies":[{"embeddable":true,"href":"https:\/\/masquenoticiastucuman.com.ar\/index.php?rest_route=%2Fwp%2Fv2%2Fcomments&post=2856"}],"version-history":[{"count":0,"href":"https:\/\/masquenoticiastucuman.com.ar\/index.php?rest_route=\/wp\/v2\/posts\/2856\/revisions"}],"wp:attachment":[{"href":"https:\/\/masquenoticiastucuman.com.ar\/index.php?rest_route=%2Fwp%2Fv2%2Fmedia&parent=2856"}],"wp:term":[{"taxonomy":"category","embeddable":true,"href":"https:\/\/masquenoticiastucuman.com.ar\/index.php?rest_route=%2Fwp%2Fv2%2Fcategories&post=2856"},{"taxonomy":"post_tag","embeddable":true,"href":"https:\/\/masquenoticiastucuman.com.ar\/index.php?rest_route=%2Fwp%2Fv2%2Ftags&post=2856"}],"curies":[{"name":"wp","href":"https:\/\/api.w.org\/{rel}","templated":true}]}}