{"id":2864,"date":"2024-08-22T11:01:07","date_gmt":"2024-08-22T14:01:07","guid":{"rendered":"http:\/\/masquenoticiastucuman.com.ar\/?p=2864"},"modified":"2024-08-22T11:01:07","modified_gmt":"2024-08-22T14:01:07","slug":"bajo-una-base-militar-helada-encontro-fosiles-increibles","status":"publish","type":"post","link":"https:\/\/masquenoticiastucuman.com.ar\/?p=2864","title":{"rendered":"Bajo una base militar helada, encontr\u00f3 f\u00f3siles incre\u00edbles"},"content":{"rendered":"<p>En un nuevo libro, el ge\u00f3logo Paul Bierman relata el momento en que encontr\u00f3 pruebas asombrosas de que la capa de hielo de Groenlandia se derriti\u00f3 en el pasado.<\/p>","protected":false},"excerpt":{"rendered":"<p>En un nuevo libro, el ge\u00f3logo Paul Bierman relata el momento en que encontr\u00f3 pruebas&#8230;<\/p>\n","protected":false},"author":0,"featured_media":0,"comment_status":"open","ping_status":"open","sticky":false,"template":"","format":"standard","meta":{"footnotes":""},"categories":[4],"tags":[],"class_list":["post-2864","post","type-post","status-publish","format-standard","hentry","category-internacionales"],"_links":{"self":[{"href":"https:\/\/masquenoticiastucuman.com.ar\/index.php?rest_route=\/wp\/v2\/posts\/2864","targetHints":{"allow":["GET"]}}],"collection":[{"href":"https:\/\/masquenoticiastucuman.com.ar\/index.php?rest_route=\/wp\/v2\/posts"}],"about":[{"href":"https:\/\/masquenoticiastucuman.com.ar\/index.php?rest_route=\/wp\/v2\/types\/post"}],"replies":[{"embeddable":true,"href":"https:\/\/masquenoticiastucuman.com.ar\/index.php?rest_route=%2Fwp%2Fv2%2Fcomments&post=2864"}],"version-history":[{"count":0,"href":"https:\/\/masquenoticiastucuman.com.ar\/index.php?rest_route=\/wp\/v2\/posts\/2864\/revisions"}],"wp:attachment":[{"href":"https:\/\/masquenoticiastucuman.com.ar\/index.php?rest_route=%2Fwp%2Fv2%2Fmedia&parent=2864"}],"wp:term":[{"taxonomy":"category","embeddable":true,"href":"https:\/\/masquenoticiastucuman.com.ar\/index.php?rest_route=%2Fwp%2Fv2%2Fcategories&post=2864"},{"taxonomy":"post_tag","embeddable":true,"href":"https:\/\/masquenoticiastucuman.com.ar\/index.php?rest_route=%2Fwp%2Fv2%2Ftags&post=2864"}],"curies":[{"name":"wp","href":"https:\/\/api.w.org\/{rel}","templated":true}]}}