{"id":2882,"date":"2024-08-22T13:01:12","date_gmt":"2024-08-22T16:01:12","guid":{"rendered":"http:\/\/masquenoticiastucuman.com.ar\/?p=2882"},"modified":"2024-08-22T13:01:12","modified_gmt":"2024-08-22T16:01:12","slug":"el-bbva-anuncio-que-reestructura-su-negocio-en-argentina","status":"publish","type":"post","link":"https:\/\/masquenoticiastucuman.com.ar\/?p=2882","title":{"rendered":"El BBVA anunci\u00f3 que reestructura su negocio en Argentina"},"content":{"rendered":"<p>El banco present\u00f3 sus resultados para el segundo trimestre y anticip\u00f3 a la CNV cambios en su operatoria local.El mes pasado, el CEO mundial tuvo que salir a desmentir la venta de la filial argentina.<\/p>","protected":false},"excerpt":{"rendered":"<p>El banco present\u00f3 sus resultados para el segundo trimestre y anticip\u00f3 a la CNV cambios&#8230;<\/p>\n","protected":false},"author":0,"featured_media":0,"comment_status":"open","ping_status":"open","sticky":false,"template":"","format":"standard","meta":{"footnotes":""},"categories":[3],"tags":[],"class_list":["post-2882","post","type-post","status-publish","format-standard","hentry","category-nacionales"],"_links":{"self":[{"href":"https:\/\/masquenoticiastucuman.com.ar\/index.php?rest_route=\/wp\/v2\/posts\/2882","targetHints":{"allow":["GET"]}}],"collection":[{"href":"https:\/\/masquenoticiastucuman.com.ar\/index.php?rest_route=\/wp\/v2\/posts"}],"about":[{"href":"https:\/\/masquenoticiastucuman.com.ar\/index.php?rest_route=\/wp\/v2\/types\/post"}],"replies":[{"embeddable":true,"href":"https:\/\/masquenoticiastucuman.com.ar\/index.php?rest_route=%2Fwp%2Fv2%2Fcomments&post=2882"}],"version-history":[{"count":0,"href":"https:\/\/masquenoticiastucuman.com.ar\/index.php?rest_route=\/wp\/v2\/posts\/2882\/revisions"}],"wp:attachment":[{"href":"https:\/\/masquenoticiastucuman.com.ar\/index.php?rest_route=%2Fwp%2Fv2%2Fmedia&parent=2882"}],"wp:term":[{"taxonomy":"category","embeddable":true,"href":"https:\/\/masquenoticiastucuman.com.ar\/index.php?rest_route=%2Fwp%2Fv2%2Fcategories&post=2882"},{"taxonomy":"post_tag","embeddable":true,"href":"https:\/\/masquenoticiastucuman.com.ar\/index.php?rest_route=%2Fwp%2Fv2%2Ftags&post=2882"}],"curies":[{"name":"wp","href":"https:\/\/api.w.org\/{rel}","templated":true}]}}