{"id":2892,"date":"2024-08-22T16:01:03","date_gmt":"2024-08-22T19:01:03","guid":{"rendered":"http:\/\/masquenoticiastucuman.com.ar\/?p=2892"},"modified":"2024-08-22T16:01:03","modified_gmt":"2024-08-22T19:01:03","slug":"venezuela-maduro-se-consolida-en-el-poder-y-el-esfuerzo-para-mediar-en-el-conflicto-electoral-pierde-fuerza","status":"publish","type":"post","link":"https:\/\/masquenoticiastucuman.com.ar\/?p=2892","title":{"rendered":"Venezuela: Maduro se consolida en el poder y el esfuerzo para mediar en el conflicto electoral pierde fuerza"},"content":{"rendered":"<p>La intervenci\u00f3n de Brasil, M\u00e9xico y Colombia solo ha dado tiempo para que el aut\u00f3crata consolide su mando y encarcele a m\u00e1s adversarios.Seg\u00fan los analistas, mientras Maduro tenga el apoyo de los militares y pa\u00edses como China y Rusia no hay mucho por hacer.<\/p>","protected":false},"excerpt":{"rendered":"<p>La intervenci\u00f3n de Brasil, M\u00e9xico y Colombia solo ha dado tiempo para que el aut\u00f3crata&#8230;<\/p>\n","protected":false},"author":0,"featured_media":0,"comment_status":"open","ping_status":"open","sticky":false,"template":"","format":"standard","meta":{"footnotes":""},"categories":[4],"tags":[],"class_list":["post-2892","post","type-post","status-publish","format-standard","hentry","category-internacionales"],"_links":{"self":[{"href":"https:\/\/masquenoticiastucuman.com.ar\/index.php?rest_route=\/wp\/v2\/posts\/2892","targetHints":{"allow":["GET"]}}],"collection":[{"href":"https:\/\/masquenoticiastucuman.com.ar\/index.php?rest_route=\/wp\/v2\/posts"}],"about":[{"href":"https:\/\/masquenoticiastucuman.com.ar\/index.php?rest_route=\/wp\/v2\/types\/post"}],"replies":[{"embeddable":true,"href":"https:\/\/masquenoticiastucuman.com.ar\/index.php?rest_route=%2Fwp%2Fv2%2Fcomments&post=2892"}],"version-history":[{"count":0,"href":"https:\/\/masquenoticiastucuman.com.ar\/index.php?rest_route=\/wp\/v2\/posts\/2892\/revisions"}],"wp:attachment":[{"href":"https:\/\/masquenoticiastucuman.com.ar\/index.php?rest_route=%2Fwp%2Fv2%2Fmedia&parent=2892"}],"wp:term":[{"taxonomy":"category","embeddable":true,"href":"https:\/\/masquenoticiastucuman.com.ar\/index.php?rest_route=%2Fwp%2Fv2%2Fcategories&post=2892"},{"taxonomy":"post_tag","embeddable":true,"href":"https:\/\/masquenoticiastucuman.com.ar\/index.php?rest_route=%2Fwp%2Fv2%2Ftags&post=2892"}],"curies":[{"name":"wp","href":"https:\/\/api.w.org\/{rel}","templated":true}]}}