{"id":2904,"date":"2024-08-22T18:01:04","date_gmt":"2024-08-22T21:01:04","guid":{"rendered":"http:\/\/masquenoticiastucuman.com.ar\/?p=2904"},"modified":"2024-08-22T18:01:04","modified_gmt":"2024-08-22T21:01:04","slug":"los-bancos-y-la-sostenibilidad-una-relacion-que-se-debatira-con-expertos-de-la-region","status":"publish","type":"post","link":"https:\/\/masquenoticiastucuman.com.ar\/?p=2904","title":{"rendered":"Los bancos y la sostenibilidad, una relaci\u00f3n que se debatir\u00e1 con expertos de la regi\u00f3n"},"content":{"rendered":"<p>Se realizar\u00e1 en Buenos Aires el Congreso Latinoamericano de Banca Sostenible e Inclusiva.Premios a las mejores iniciativas. La agenda de discusi\u00f3n.<\/p>","protected":false},"excerpt":{"rendered":"<p>Se realizar\u00e1 en Buenos Aires el Congreso Latinoamericano de Banca Sostenible e Inclusiva.Premios a las&#8230;<\/p>\n","protected":false},"author":0,"featured_media":0,"comment_status":"open","ping_status":"open","sticky":false,"template":"","format":"standard","meta":{"footnotes":""},"categories":[3],"tags":[],"class_list":["post-2904","post","type-post","status-publish","format-standard","hentry","category-nacionales"],"_links":{"self":[{"href":"https:\/\/masquenoticiastucuman.com.ar\/index.php?rest_route=\/wp\/v2\/posts\/2904","targetHints":{"allow":["GET"]}}],"collection":[{"href":"https:\/\/masquenoticiastucuman.com.ar\/index.php?rest_route=\/wp\/v2\/posts"}],"about":[{"href":"https:\/\/masquenoticiastucuman.com.ar\/index.php?rest_route=\/wp\/v2\/types\/post"}],"replies":[{"embeddable":true,"href":"https:\/\/masquenoticiastucuman.com.ar\/index.php?rest_route=%2Fwp%2Fv2%2Fcomments&post=2904"}],"version-history":[{"count":0,"href":"https:\/\/masquenoticiastucuman.com.ar\/index.php?rest_route=\/wp\/v2\/posts\/2904\/revisions"}],"wp:attachment":[{"href":"https:\/\/masquenoticiastucuman.com.ar\/index.php?rest_route=%2Fwp%2Fv2%2Fmedia&parent=2904"}],"wp:term":[{"taxonomy":"category","embeddable":true,"href":"https:\/\/masquenoticiastucuman.com.ar\/index.php?rest_route=%2Fwp%2Fv2%2Fcategories&post=2904"},{"taxonomy":"post_tag","embeddable":true,"href":"https:\/\/masquenoticiastucuman.com.ar\/index.php?rest_route=%2Fwp%2Fv2%2Ftags&post=2904"}],"curies":[{"name":"wp","href":"https:\/\/api.w.org\/{rel}","templated":true}]}}