{"id":2906,"date":"2024-08-22T18:34:51","date_gmt":"2024-08-22T21:34:51","guid":{"rendered":"https:\/\/masquenoticiastucuman.com.ar\/?p=2906"},"modified":"2024-08-22T18:34:52","modified_gmt":"2024-08-22T21:34:52","slug":"el-senado-aprobo-la-ley-de-movilidad-jubilatoria","status":"publish","type":"post","link":"https:\/\/masquenoticiastucuman.com.ar\/?p=2906","title":{"rendered":"El Senado aprob\u00f3 la ley de movilidad jubilatoria"},"content":{"rendered":"\n<p><span style=\", Arial, sans-serif;font-size: 20px\">Los<\/span><span style=\"box-sizing: border-box;font-weight: 700;border: 0px;font-size: 20px;line-height: inherit;, Arial, sans-serif;margin: 0px;padding: 0px;vertical-align: baseline\">\u00a0bloques del Senado de Uni\u00f3n por la Patria, la UCR y espacios provinciales aprobaron este jueves la ley para modificar la movilidad jubilatoria, con una votaci\u00f3n que result\u00f3 en 60 votos afirmativos y 8 negativos<\/span><span style=\", Arial, sans-serif;font-size: 20px\">. El proyecto ya ten\u00eda sanci\u00f3n en Diputados, y la negativa del presidente Javier Milei, que<\/span>\u00a0hab\u00eda anticipado que vetar\u00eda la norma <\/p>\n\n\n\n<p>La norma fue criticada desde el Ejecutivo -que busca cuidar su d\u00e9ficit cero-, y desde el PRO, donde el expresidente Mauricio Macri rechaz\u00f3 la aprobaci\u00f3n diciendo que &#8220;en lugar de haber votado una ley irracional que no tiene fondos, tendr\u00edan que haber dicho antes ampliamente s\u00ed a la Ley Bases, que hubiese permitido deshacerse de todos los gastos in\u00fatiles del Estado&#8221;<\/p>\n\n\n\n<p>Durante la presidencia de Mauricio Macri las jubilaciones m\u00ednimas cayeron un 20%, en lo que signific\u00f3 una verdadera ca\u00edda de la econom\u00eda a nivel general.<\/p>\n\n\n\n<p>La&nbsp;<strong>C\u00e1mara de Diputados aprob\u00f3 a principios de junio un proyecto acordado por Uni\u00f3n por la Patria y los llamados bloques dialoguistas&nbsp;<\/strong>(entre quienes est\u00e1n los radicales y espacios pol\u00edticos provinciales) para establecer una nueva f\u00f3rmula de movilidad jubilatoria.<\/p>\n\n\n\n<p>Tras horas de intenso debate la norma se aprob\u00f3 en general en horas de la madrugada con 160 votos a favor, 72 en contra y 8 abstenciones por parte de la Izquierda.<\/p>\n","protected":false},"excerpt":{"rendered":"<p>Los\u00a0bloques del Senado de Uni\u00f3n por la Patria, la UCR y espacios provinciales aprobaron este&#8230;<\/p>\n","protected":false},"author":2,"featured_media":0,"comment_status":"open","ping_status":"open","sticky":false,"template":"","format":"standard","meta":{"footnotes":""},"categories":[3],"tags":[],"class_list":["post-2906","post","type-post","status-publish","format-standard","hentry","category-nacionales"],"_links":{"self":[{"href":"https:\/\/masquenoticiastucuman.com.ar\/index.php?rest_route=\/wp\/v2\/posts\/2906","targetHints":{"allow":["GET"]}}],"collection":[{"href":"https:\/\/masquenoticiastucuman.com.ar\/index.php?rest_route=\/wp\/v2\/posts"}],"about":[{"href":"https:\/\/masquenoticiastucuman.com.ar\/index.php?rest_route=\/wp\/v2\/types\/post"}],"author":[{"embeddable":true,"href":"https:\/\/masquenoticiastucuman.com.ar\/index.php?rest_route=\/wp\/v2\/users\/2"}],"replies":[{"embeddable":true,"href":"https:\/\/masquenoticiastucuman.com.ar\/index.php?rest_route=%2Fwp%2Fv2%2Fcomments&post=2906"}],"version-history":[{"count":1,"href":"https:\/\/masquenoticiastucuman.com.ar\/index.php?rest_route=\/wp\/v2\/posts\/2906\/revisions"}],"predecessor-version":[{"id":2908,"href":"https:\/\/masquenoticiastucuman.com.ar\/index.php?rest_route=\/wp\/v2\/posts\/2906\/revisions\/2908"}],"wp:attachment":[{"href":"https:\/\/masquenoticiastucuman.com.ar\/index.php?rest_route=%2Fwp%2Fv2%2Fmedia&parent=2906"}],"wp:term":[{"taxonomy":"category","embeddable":true,"href":"https:\/\/masquenoticiastucuman.com.ar\/index.php?rest_route=%2Fwp%2Fv2%2Fcategories&post=2906"},{"taxonomy":"post_tag","embeddable":true,"href":"https:\/\/masquenoticiastucuman.com.ar\/index.php?rest_route=%2Fwp%2Fv2%2Ftags&post=2906"}],"curies":[{"name":"wp","href":"https:\/\/api.w.org\/{rel}","templated":true}]}}