{"id":2941,"date":"2024-08-23T03:01:03","date_gmt":"2024-08-23T06:01:03","guid":{"rendered":"http:\/\/masquenoticiastucuman.com.ar\/?p=2941"},"modified":"2024-08-23T03:01:03","modified_gmt":"2024-08-23T06:01:03","slug":"ley-bases-el-gobierno-reglamento-el-regimen-de-incentivo-para-grandes-inversiones-rigi","status":"publish","type":"post","link":"https:\/\/masquenoticiastucuman.com.ar\/?p=2941","title":{"rendered":"Ley Bases: el Gobierno reglament\u00f3 el R\u00e9gimen de Incentivo para Grandes Inversiones (RIGI)"},"content":{"rendered":"<p>Lo hizo a trav\u00e9s de la publicaci\u00f3n del Decreto 749\/2024 en el Bolet\u00edn Oficial. Anteriormente, la gesti\u00f3n de Javier Milei hab\u00eda avanzado sobre privatizaciones y reforma del Estado, con la reforma en los contratos de obra p\u00fablica.<\/p>","protected":false},"excerpt":{"rendered":"<p>Lo hizo a trav\u00e9s de la publicaci\u00f3n del Decreto 749\/2024 en el Bolet\u00edn Oficial. Anteriormente,&#8230;<\/p>\n","protected":false},"author":0,"featured_media":0,"comment_status":"open","ping_status":"open","sticky":false,"template":"","format":"standard","meta":{"footnotes":""},"categories":[3],"tags":[],"class_list":["post-2941","post","type-post","status-publish","format-standard","hentry","category-nacionales"],"_links":{"self":[{"href":"https:\/\/masquenoticiastucuman.com.ar\/index.php?rest_route=\/wp\/v2\/posts\/2941","targetHints":{"allow":["GET"]}}],"collection":[{"href":"https:\/\/masquenoticiastucuman.com.ar\/index.php?rest_route=\/wp\/v2\/posts"}],"about":[{"href":"https:\/\/masquenoticiastucuman.com.ar\/index.php?rest_route=\/wp\/v2\/types\/post"}],"replies":[{"embeddable":true,"href":"https:\/\/masquenoticiastucuman.com.ar\/index.php?rest_route=%2Fwp%2Fv2%2Fcomments&post=2941"}],"version-history":[{"count":0,"href":"https:\/\/masquenoticiastucuman.com.ar\/index.php?rest_route=\/wp\/v2\/posts\/2941\/revisions"}],"wp:attachment":[{"href":"https:\/\/masquenoticiastucuman.com.ar\/index.php?rest_route=%2Fwp%2Fv2%2Fmedia&parent=2941"}],"wp:term":[{"taxonomy":"category","embeddable":true,"href":"https:\/\/masquenoticiastucuman.com.ar\/index.php?rest_route=%2Fwp%2Fv2%2Fcategories&post=2941"},{"taxonomy":"post_tag","embeddable":true,"href":"https:\/\/masquenoticiastucuman.com.ar\/index.php?rest_route=%2Fwp%2Fv2%2Ftags&post=2941"}],"curies":[{"name":"wp","href":"https:\/\/api.w.org\/{rel}","templated":true}]}}