{"id":2943,"date":"2024-08-23T05:01:03","date_gmt":"2024-08-23T08:01:03","guid":{"rendered":"http:\/\/masquenoticiastucuman.com.ar\/?p=2943"},"modified":"2024-08-23T05:01:03","modified_gmt":"2024-08-23T08:01:03","slug":"el-gobierno-oficializo-los-valores-minimos-y-maximos-de-las-jubilaciones-a-partir-de-septiembre","status":"publish","type":"post","link":"https:\/\/masquenoticiastucuman.com.ar\/?p=2943","title":{"rendered":"El Gobierno oficializ\u00f3 los valores m\u00ednimos y m\u00e1ximos de las jubilaciones a partir de septiembre"},"content":{"rendered":"<p>El decreto fue publicado este viernes, poco despu\u00e9s de la aprobaci\u00f3n en el Senado de la nueva f\u00f3rmula de aumentos y del anuncio del Presidente de que vetar\u00e1 ese proyecto.Tambi\u00e9n actualizaron los montos para AUH y asignaciones familiares. Habr\u00e1 una suba del 4.03%, atada al \u00edndice de inflaci\u00f3n de julio que inform\u00f3 el INDEC.<\/p>","protected":false},"excerpt":{"rendered":"<p>El decreto fue publicado este viernes, poco despu\u00e9s de la aprobaci\u00f3n en el Senado de&#8230;<\/p>\n","protected":false},"author":0,"featured_media":0,"comment_status":"open","ping_status":"open","sticky":false,"template":"","format":"standard","meta":{"footnotes":""},"categories":[3],"tags":[],"class_list":["post-2943","post","type-post","status-publish","format-standard","hentry","category-nacionales"],"_links":{"self":[{"href":"https:\/\/masquenoticiastucuman.com.ar\/index.php?rest_route=\/wp\/v2\/posts\/2943","targetHints":{"allow":["GET"]}}],"collection":[{"href":"https:\/\/masquenoticiastucuman.com.ar\/index.php?rest_route=\/wp\/v2\/posts"}],"about":[{"href":"https:\/\/masquenoticiastucuman.com.ar\/index.php?rest_route=\/wp\/v2\/types\/post"}],"replies":[{"embeddable":true,"href":"https:\/\/masquenoticiastucuman.com.ar\/index.php?rest_route=%2Fwp%2Fv2%2Fcomments&post=2943"}],"version-history":[{"count":0,"href":"https:\/\/masquenoticiastucuman.com.ar\/index.php?rest_route=\/wp\/v2\/posts\/2943\/revisions"}],"wp:attachment":[{"href":"https:\/\/masquenoticiastucuman.com.ar\/index.php?rest_route=%2Fwp%2Fv2%2Fmedia&parent=2943"}],"wp:term":[{"taxonomy":"category","embeddable":true,"href":"https:\/\/masquenoticiastucuman.com.ar\/index.php?rest_route=%2Fwp%2Fv2%2Fcategories&post=2943"},{"taxonomy":"post_tag","embeddable":true,"href":"https:\/\/masquenoticiastucuman.com.ar\/index.php?rest_route=%2Fwp%2Fv2%2Ftags&post=2943"}],"curies":[{"name":"wp","href":"https:\/\/api.w.org\/{rel}","templated":true}]}}