{"id":2945,"date":"2024-08-23T06:01:03","date_gmt":"2024-08-23T09:01:03","guid":{"rendered":"http:\/\/masquenoticiastucuman.com.ar\/?p=2945"},"modified":"2024-08-23T06:01:03","modified_gmt":"2024-08-23T09:01:03","slug":"yate-hundido-en-sicilia-reanudaron-la-busqueda-de-hija-de-mike-lynch-la-ultima-persona-desaparecida-en-el-naufragio","status":"publish","type":"post","link":"https:\/\/masquenoticiastucuman.com.ar\/?p=2945","title":{"rendered":"Yate hundido en Sicilia: reanudaron la b\u00fasqueda de hija de Mike Lynch, la \u00faltima persona desaparecida en el naufragio"},"content":{"rendered":"<p>Hannah Lynch tiene 18 a\u00f1os y a\u00fan no pudo ser rescatada como s\u00ed lo fue su padre y otras cinco v\u00edctimas. El velero de lujo Bayesian se hundi\u00f3 el lunes pasado en el mar frente a Porticello, en Italia.<\/p>","protected":false},"excerpt":{"rendered":"<p>Hannah Lynch tiene 18 a\u00f1os y a\u00fan no pudo ser rescatada como s\u00ed lo fue&#8230;<\/p>\n","protected":false},"author":0,"featured_media":0,"comment_status":"open","ping_status":"open","sticky":false,"template":"","format":"standard","meta":{"footnotes":""},"categories":[4],"tags":[],"class_list":["post-2945","post","type-post","status-publish","format-standard","hentry","category-internacionales"],"_links":{"self":[{"href":"https:\/\/masquenoticiastucuman.com.ar\/index.php?rest_route=\/wp\/v2\/posts\/2945","targetHints":{"allow":["GET"]}}],"collection":[{"href":"https:\/\/masquenoticiastucuman.com.ar\/index.php?rest_route=\/wp\/v2\/posts"}],"about":[{"href":"https:\/\/masquenoticiastucuman.com.ar\/index.php?rest_route=\/wp\/v2\/types\/post"}],"replies":[{"embeddable":true,"href":"https:\/\/masquenoticiastucuman.com.ar\/index.php?rest_route=%2Fwp%2Fv2%2Fcomments&post=2945"}],"version-history":[{"count":0,"href":"https:\/\/masquenoticiastucuman.com.ar\/index.php?rest_route=\/wp\/v2\/posts\/2945\/revisions"}],"wp:attachment":[{"href":"https:\/\/masquenoticiastucuman.com.ar\/index.php?rest_route=%2Fwp%2Fv2%2Fmedia&parent=2945"}],"wp:term":[{"taxonomy":"category","embeddable":true,"href":"https:\/\/masquenoticiastucuman.com.ar\/index.php?rest_route=%2Fwp%2Fv2%2Fcategories&post=2945"},{"taxonomy":"post_tag","embeddable":true,"href":"https:\/\/masquenoticiastucuman.com.ar\/index.php?rest_route=%2Fwp%2Fv2%2Ftags&post=2945"}],"curies":[{"name":"wp","href":"https:\/\/api.w.org\/{rel}","templated":true}]}}