{"id":2951,"date":"2024-08-23T07:01:04","date_gmt":"2024-08-23T10:01:04","guid":{"rendered":"http:\/\/masquenoticiastucuman.com.ar\/?p=2951"},"modified":"2024-08-23T07:01:04","modified_gmt":"2024-08-23T10:01:04","slug":"radiografia-de-colo-colo-el-rival-de-river-en-la-copa-libertadores-del-peor-clasificado-a-la-esperanza-de-jorge-almiron-para-un-centenario-sonado","status":"publish","type":"post","link":"https:\/\/masquenoticiastucuman.com.ar\/?p=2951","title":{"rendered":"Radiograf\u00eda de Colo-Colo, el rival de River en la Copa Libertadores: del peor clasificado a la esperanza de Jorge Almir\u00f3n para un centenario so\u00f1ado"},"content":{"rendered":"<p>El conjunto chileno cumplir\u00e1 100 a\u00f1os el 19 de abril de 2025 y se ilusiona con celebrarlo con su segundo t\u00edtulo en el m\u00e1ximo torneo continental de clubes.Arturo Vidal y Mauricio Isla son los sostenes de experiencia, pero tambi\u00e9n cuenta con j\u00f3venes valores.<\/p>","protected":false},"excerpt":{"rendered":"<p>El conjunto chileno cumplir\u00e1 100 a\u00f1os el 19 de abril de 2025 y se ilusiona&#8230;<\/p>\n","protected":false},"author":0,"featured_media":0,"comment_status":"open","ping_status":"open","sticky":false,"template":"","format":"standard","meta":{"footnotes":""},"categories":[6],"tags":[],"class_list":["post-2951","post","type-post","status-publish","format-standard","hentry","category-deportes"],"_links":{"self":[{"href":"https:\/\/masquenoticiastucuman.com.ar\/index.php?rest_route=\/wp\/v2\/posts\/2951","targetHints":{"allow":["GET"]}}],"collection":[{"href":"https:\/\/masquenoticiastucuman.com.ar\/index.php?rest_route=\/wp\/v2\/posts"}],"about":[{"href":"https:\/\/masquenoticiastucuman.com.ar\/index.php?rest_route=\/wp\/v2\/types\/post"}],"replies":[{"embeddable":true,"href":"https:\/\/masquenoticiastucuman.com.ar\/index.php?rest_route=%2Fwp%2Fv2%2Fcomments&post=2951"}],"version-history":[{"count":0,"href":"https:\/\/masquenoticiastucuman.com.ar\/index.php?rest_route=\/wp\/v2\/posts\/2951\/revisions"}],"wp:attachment":[{"href":"https:\/\/masquenoticiastucuman.com.ar\/index.php?rest_route=%2Fwp%2Fv2%2Fmedia&parent=2951"}],"wp:term":[{"taxonomy":"category","embeddable":true,"href":"https:\/\/masquenoticiastucuman.com.ar\/index.php?rest_route=%2Fwp%2Fv2%2Fcategories&post=2951"},{"taxonomy":"post_tag","embeddable":true,"href":"https:\/\/masquenoticiastucuman.com.ar\/index.php?rest_route=%2Fwp%2Fv2%2Ftags&post=2951"}],"curies":[{"name":"wp","href":"https:\/\/api.w.org\/{rel}","templated":true}]}}