{"id":2957,"date":"2024-08-23T07:01:08","date_gmt":"2024-08-23T10:01:08","guid":{"rendered":"http:\/\/masquenoticiastucuman.com.ar\/?p=2957"},"modified":"2024-08-23T07:01:08","modified_gmt":"2024-08-23T10:01:08","slug":"sorpresa-el-indec-recalculo-a-la-baja-los-datos-de-actividad-mientras-se-discute-si-la-economia-ya-toco-piso","status":"publish","type":"post","link":"https:\/\/masquenoticiastucuman.com.ar\/?p=2957","title":{"rendered":"Sorpresa: el INDEC recalcul\u00f3 a la baja los datos de actividad mientras se discute si la econom\u00eda ya toc\u00f3 piso"},"content":{"rendered":"<p>El INDEC corrigi\u00f3 a la baja las estimaciones de los \u00faltimos meses.Para el a\u00f1o se espera una ca\u00edda del 4%.<\/p>","protected":false},"excerpt":{"rendered":"<p>El INDEC corrigi\u00f3 a la baja las estimaciones de los \u00faltimos meses.Para el a\u00f1o se&#8230;<\/p>\n","protected":false},"author":0,"featured_media":0,"comment_status":"open","ping_status":"open","sticky":false,"template":"","format":"standard","meta":{"footnotes":""},"categories":[3],"tags":[],"class_list":["post-2957","post","type-post","status-publish","format-standard","hentry","category-nacionales"],"_links":{"self":[{"href":"https:\/\/masquenoticiastucuman.com.ar\/index.php?rest_route=\/wp\/v2\/posts\/2957","targetHints":{"allow":["GET"]}}],"collection":[{"href":"https:\/\/masquenoticiastucuman.com.ar\/index.php?rest_route=\/wp\/v2\/posts"}],"about":[{"href":"https:\/\/masquenoticiastucuman.com.ar\/index.php?rest_route=\/wp\/v2\/types\/post"}],"replies":[{"embeddable":true,"href":"https:\/\/masquenoticiastucuman.com.ar\/index.php?rest_route=%2Fwp%2Fv2%2Fcomments&post=2957"}],"version-history":[{"count":0,"href":"https:\/\/masquenoticiastucuman.com.ar\/index.php?rest_route=\/wp\/v2\/posts\/2957\/revisions"}],"wp:attachment":[{"href":"https:\/\/masquenoticiastucuman.com.ar\/index.php?rest_route=%2Fwp%2Fv2%2Fmedia&parent=2957"}],"wp:term":[{"taxonomy":"category","embeddable":true,"href":"https:\/\/masquenoticiastucuman.com.ar\/index.php?rest_route=%2Fwp%2Fv2%2Fcategories&post=2957"},{"taxonomy":"post_tag","embeddable":true,"href":"https:\/\/masquenoticiastucuman.com.ar\/index.php?rest_route=%2Fwp%2Fv2%2Ftags&post=2957"}],"curies":[{"name":"wp","href":"https:\/\/api.w.org\/{rel}","templated":true}]}}