{"id":2961,"date":"2024-08-23T08:01:04","date_gmt":"2024-08-23T11:01:04","guid":{"rendered":"http:\/\/masquenoticiastucuman.com.ar\/?p=2961"},"modified":"2024-08-23T08:01:04","modified_gmt":"2024-08-23T11:01:04","slug":"el-encargado-cuarta-temporada-que-se-sabe-de-la-serie-de-guillermo-francella","status":"publish","type":"post","link":"https:\/\/masquenoticiastucuman.com.ar\/?p=2961","title":{"rendered":"El Encargado, cuarta temporada: qu\u00e9 se sabe de la serie de Guillermo Francella"},"content":{"rendered":"<p>Este viernes 23 se estrena el s\u00e9ptimo y \u00faltimo episodio de la tercera temporada, por Disney+.Ya est\u00e1 confirmada una nueva tanda de episodios sobre las desventuras de Eliseo, el encargado que revolucion\u00f3 el streaming.<\/p>","protected":false},"excerpt":{"rendered":"<p>Este viernes 23 se estrena el s\u00e9ptimo y \u00faltimo episodio de la tercera temporada, por&#8230;<\/p>\n","protected":false},"author":0,"featured_media":0,"comment_status":"open","ping_status":"open","sticky":false,"template":"","format":"standard","meta":{"footnotes":""},"categories":[5],"tags":[],"class_list":["post-2961","post","type-post","status-publish","format-standard","hentry","category-espectaculo"],"_links":{"self":[{"href":"https:\/\/masquenoticiastucuman.com.ar\/index.php?rest_route=\/wp\/v2\/posts\/2961","targetHints":{"allow":["GET"]}}],"collection":[{"href":"https:\/\/masquenoticiastucuman.com.ar\/index.php?rest_route=\/wp\/v2\/posts"}],"about":[{"href":"https:\/\/masquenoticiastucuman.com.ar\/index.php?rest_route=\/wp\/v2\/types\/post"}],"replies":[{"embeddable":true,"href":"https:\/\/masquenoticiastucuman.com.ar\/index.php?rest_route=%2Fwp%2Fv2%2Fcomments&post=2961"}],"version-history":[{"count":0,"href":"https:\/\/masquenoticiastucuman.com.ar\/index.php?rest_route=\/wp\/v2\/posts\/2961\/revisions"}],"wp:attachment":[{"href":"https:\/\/masquenoticiastucuman.com.ar\/index.php?rest_route=%2Fwp%2Fv2%2Fmedia&parent=2961"}],"wp:term":[{"taxonomy":"category","embeddable":true,"href":"https:\/\/masquenoticiastucuman.com.ar\/index.php?rest_route=%2Fwp%2Fv2%2Fcategories&post=2961"},{"taxonomy":"post_tag","embeddable":true,"href":"https:\/\/masquenoticiastucuman.com.ar\/index.php?rest_route=%2Fwp%2Fv2%2Ftags&post=2961"}],"curies":[{"name":"wp","href":"https:\/\/api.w.org\/{rel}","templated":true}]}}