{"id":2969,"date":"2024-08-23T10:01:04","date_gmt":"2024-08-23T13:01:04","guid":{"rendered":"http:\/\/masquenoticiastucuman.com.ar\/?p=2969"},"modified":"2024-08-23T10:01:04","modified_gmt":"2024-08-23T13:01:04","slug":"boca-vs-cruzeiro-se-difundio-el-audio-del-var-de-la-roja-a-luis-advincula-y-aclararon-la-polemica-del-corner","status":"publish","type":"post","link":"https:\/\/masquenoticiastucuman.com.ar\/?p=2969","title":{"rendered":"Boca vs Cruzeiro: se difundi\u00f3 el audio del VAR de la roja a Luis Adv\u00edncula y aclararon la pol\u00e9mica del c\u00f3rner"},"content":{"rendered":"<p>El Xeneize cay\u00f3 por penales y se despidi\u00f3 de la Copa Sudamericana.Jug\u00f3 con 10 todo el partido por la expulsi\u00f3n del peruano.El \u00e1rbitro Wilmar Rold\u00e1n fue criticado por el equipo argentino.<\/p>","protected":false},"excerpt":{"rendered":"<p>El Xeneize cay\u00f3 por penales y se despidi\u00f3 de la Copa Sudamericana.Jug\u00f3 con 10 todo&#8230;<\/p>\n","protected":false},"author":0,"featured_media":0,"comment_status":"open","ping_status":"open","sticky":false,"template":"","format":"standard","meta":{"footnotes":""},"categories":[6],"tags":[],"class_list":["post-2969","post","type-post","status-publish","format-standard","hentry","category-deportes"],"_links":{"self":[{"href":"https:\/\/masquenoticiastucuman.com.ar\/index.php?rest_route=\/wp\/v2\/posts\/2969","targetHints":{"allow":["GET"]}}],"collection":[{"href":"https:\/\/masquenoticiastucuman.com.ar\/index.php?rest_route=\/wp\/v2\/posts"}],"about":[{"href":"https:\/\/masquenoticiastucuman.com.ar\/index.php?rest_route=\/wp\/v2\/types\/post"}],"replies":[{"embeddable":true,"href":"https:\/\/masquenoticiastucuman.com.ar\/index.php?rest_route=%2Fwp%2Fv2%2Fcomments&post=2969"}],"version-history":[{"count":0,"href":"https:\/\/masquenoticiastucuman.com.ar\/index.php?rest_route=\/wp\/v2\/posts\/2969\/revisions"}],"wp:attachment":[{"href":"https:\/\/masquenoticiastucuman.com.ar\/index.php?rest_route=%2Fwp%2Fv2%2Fmedia&parent=2969"}],"wp:term":[{"taxonomy":"category","embeddable":true,"href":"https:\/\/masquenoticiastucuman.com.ar\/index.php?rest_route=%2Fwp%2Fv2%2Fcategories&post=2969"},{"taxonomy":"post_tag","embeddable":true,"href":"https:\/\/masquenoticiastucuman.com.ar\/index.php?rest_route=%2Fwp%2Fv2%2Ftags&post=2969"}],"curies":[{"name":"wp","href":"https:\/\/api.w.org\/{rel}","templated":true}]}}