{"id":2971,"date":"2024-08-23T10:01:05","date_gmt":"2024-08-23T13:01:05","guid":{"rendered":"http:\/\/masquenoticiastucuman.com.ar\/?p=2971"},"modified":"2024-08-23T10:01:05","modified_gmt":"2024-08-23T13:01:05","slug":"la-ola-de-crimenes-de-kamala-inventada-por-trump","status":"publish","type":"post","link":"https:\/\/masquenoticiastucuman.com.ar\/?p=2971","title":{"rendered":"La \u201cola de cr\u00edmenes de Kamala\u201d inventada por Trump"},"content":{"rendered":"<p>Las afirmaciones del ex presidente sobre los cr\u00edmenes violentos van m\u00e1s all\u00e1 incluso de su habitual desprecio por los hechos<\/p>","protected":false},"excerpt":{"rendered":"<p>Las afirmaciones del ex presidente sobre los cr\u00edmenes violentos van m\u00e1s all\u00e1 incluso de su&#8230;<\/p>\n","protected":false},"author":0,"featured_media":0,"comment_status":"open","ping_status":"open","sticky":false,"template":"","format":"standard","meta":{"footnotes":""},"categories":[4],"tags":[],"class_list":["post-2971","post","type-post","status-publish","format-standard","hentry","category-internacionales"],"_links":{"self":[{"href":"https:\/\/masquenoticiastucuman.com.ar\/index.php?rest_route=\/wp\/v2\/posts\/2971","targetHints":{"allow":["GET"]}}],"collection":[{"href":"https:\/\/masquenoticiastucuman.com.ar\/index.php?rest_route=\/wp\/v2\/posts"}],"about":[{"href":"https:\/\/masquenoticiastucuman.com.ar\/index.php?rest_route=\/wp\/v2\/types\/post"}],"replies":[{"embeddable":true,"href":"https:\/\/masquenoticiastucuman.com.ar\/index.php?rest_route=%2Fwp%2Fv2%2Fcomments&post=2971"}],"version-history":[{"count":0,"href":"https:\/\/masquenoticiastucuman.com.ar\/index.php?rest_route=\/wp\/v2\/posts\/2971\/revisions"}],"wp:attachment":[{"href":"https:\/\/masquenoticiastucuman.com.ar\/index.php?rest_route=%2Fwp%2Fv2%2Fmedia&parent=2971"}],"wp:term":[{"taxonomy":"category","embeddable":true,"href":"https:\/\/masquenoticiastucuman.com.ar\/index.php?rest_route=%2Fwp%2Fv2%2Fcategories&post=2971"},{"taxonomy":"post_tag","embeddable":true,"href":"https:\/\/masquenoticiastucuman.com.ar\/index.php?rest_route=%2Fwp%2Fv2%2Ftags&post=2971"}],"curies":[{"name":"wp","href":"https:\/\/api.w.org\/{rel}","templated":true}]}}