{"id":2975,"date":"2024-08-23T11:01:04","date_gmt":"2024-08-23T14:01:04","guid":{"rendered":"http:\/\/masquenoticiastucuman.com.ar\/?p=2975"},"modified":"2024-08-23T11:01:04","modified_gmt":"2024-08-23T14:01:04","slug":"ilan-schnaider-lo-hizo-el-prodigio-argentino-preparo-solo-sus-partidas-en-italia-y-es-maestro-internacional-de-ajedrez-a-los-13-anos-y-medio","status":"publish","type":"post","link":"https:\/\/masquenoticiastucuman.com.ar\/?p=2975","title":{"rendered":"Ilan Schnaider lo hizo: el prodigio argentino prepar\u00f3 solo sus partidas en Italia y es maestro internacional de ajedrez a los 13 a\u00f1os y medio"},"content":{"rendered":"<p>Fue n\u00famero uno del mundo a los 8 a\u00f1os y despu\u00e9s de la pandemia volvi\u00f3 con todo a los tableros.Viaj\u00f3 con su padre a Europa a conseguir este objetivo y lo logr\u00f3 al ser segundo en un torneo en Lignano.Es el segundo ajedrecista argentino m\u00e1s joven en conseguir el segundo t\u00edtulo en importancia, despu\u00e9s de Faustino Oro.<\/p>","protected":false},"excerpt":{"rendered":"<p>Fue n\u00famero uno del mundo a los 8 a\u00f1os y despu\u00e9s de la pandemia volvi\u00f3&#8230;<\/p>\n","protected":false},"author":0,"featured_media":0,"comment_status":"open","ping_status":"open","sticky":false,"template":"","format":"standard","meta":{"footnotes":""},"categories":[6],"tags":[],"class_list":["post-2975","post","type-post","status-publish","format-standard","hentry","category-deportes"],"_links":{"self":[{"href":"https:\/\/masquenoticiastucuman.com.ar\/index.php?rest_route=\/wp\/v2\/posts\/2975","targetHints":{"allow":["GET"]}}],"collection":[{"href":"https:\/\/masquenoticiastucuman.com.ar\/index.php?rest_route=\/wp\/v2\/posts"}],"about":[{"href":"https:\/\/masquenoticiastucuman.com.ar\/index.php?rest_route=\/wp\/v2\/types\/post"}],"replies":[{"embeddable":true,"href":"https:\/\/masquenoticiastucuman.com.ar\/index.php?rest_route=%2Fwp%2Fv2%2Fcomments&post=2975"}],"version-history":[{"count":0,"href":"https:\/\/masquenoticiastucuman.com.ar\/index.php?rest_route=\/wp\/v2\/posts\/2975\/revisions"}],"wp:attachment":[{"href":"https:\/\/masquenoticiastucuman.com.ar\/index.php?rest_route=%2Fwp%2Fv2%2Fmedia&parent=2975"}],"wp:term":[{"taxonomy":"category","embeddable":true,"href":"https:\/\/masquenoticiastucuman.com.ar\/index.php?rest_route=%2Fwp%2Fv2%2Fcategories&post=2975"},{"taxonomy":"post_tag","embeddable":true,"href":"https:\/\/masquenoticiastucuman.com.ar\/index.php?rest_route=%2Fwp%2Fv2%2Ftags&post=2975"}],"curies":[{"name":"wp","href":"https:\/\/api.w.org\/{rel}","templated":true}]}}