{"id":2979,"date":"2024-08-23T11:01:08","date_gmt":"2024-08-23T14:01:08","guid":{"rendered":"http:\/\/masquenoticiastucuman.com.ar\/?p=2979"},"modified":"2024-08-23T11:01:08","modified_gmt":"2024-08-23T14:01:08","slug":"los-5-cambios-en-las-jubilaciones-que-aprobo-el-senado-por-que-es-la-ruina-del-pais-para-milei","status":"publish","type":"post","link":"https:\/\/masquenoticiastucuman.com.ar\/?p=2979","title":{"rendered":"Los 5 cambios en las jubilaciones que aprob\u00f3 el Senado: por qu\u00e9 es &#8220;la ruina del pa\u00eds&#8221; para Milei"},"content":{"rendered":"<p>Cu\u00e1les son las principales modificaciones que fija la norma.Milei ya dijo que la vetar\u00e1.<\/p>","protected":false},"excerpt":{"rendered":"<p>Cu\u00e1les son las principales modificaciones que fija la norma.Milei ya dijo que la vetar\u00e1.<\/p>\n","protected":false},"author":0,"featured_media":0,"comment_status":"open","ping_status":"open","sticky":false,"template":"","format":"standard","meta":{"footnotes":""},"categories":[3],"tags":[],"class_list":["post-2979","post","type-post","status-publish","format-standard","hentry","category-nacionales"],"_links":{"self":[{"href":"https:\/\/masquenoticiastucuman.com.ar\/index.php?rest_route=\/wp\/v2\/posts\/2979","targetHints":{"allow":["GET"]}}],"collection":[{"href":"https:\/\/masquenoticiastucuman.com.ar\/index.php?rest_route=\/wp\/v2\/posts"}],"about":[{"href":"https:\/\/masquenoticiastucuman.com.ar\/index.php?rest_route=\/wp\/v2\/types\/post"}],"replies":[{"embeddable":true,"href":"https:\/\/masquenoticiastucuman.com.ar\/index.php?rest_route=%2Fwp%2Fv2%2Fcomments&post=2979"}],"version-history":[{"count":0,"href":"https:\/\/masquenoticiastucuman.com.ar\/index.php?rest_route=\/wp\/v2\/posts\/2979\/revisions"}],"wp:attachment":[{"href":"https:\/\/masquenoticiastucuman.com.ar\/index.php?rest_route=%2Fwp%2Fv2%2Fmedia&parent=2979"}],"wp:term":[{"taxonomy":"category","embeddable":true,"href":"https:\/\/masquenoticiastucuman.com.ar\/index.php?rest_route=%2Fwp%2Fv2%2Fcategories&post=2979"},{"taxonomy":"post_tag","embeddable":true,"href":"https:\/\/masquenoticiastucuman.com.ar\/index.php?rest_route=%2Fwp%2Fv2%2Ftags&post=2979"}],"curies":[{"name":"wp","href":"https:\/\/api.w.org\/{rel}","templated":true}]}}