{"id":2981,"date":"2024-08-23T12:01:02","date_gmt":"2024-08-23T15:01:02","guid":{"rendered":"http:\/\/masquenoticiastucuman.com.ar\/?p=2981"},"modified":"2024-08-23T12:01:02","modified_gmt":"2024-08-23T15:01:02","slug":"tite-victima-de-la-altura-de-la-paz-el-dt-brasileno-quedo-internado-por-un-problema-cardiaco-tras-la-visita-de-flamengo-a-bolivar-en-la-copa-libertadores","status":"publish","type":"post","link":"https:\/\/masquenoticiastucuman.com.ar\/?p=2981","title":{"rendered":"Tite, v\u00edctima de la altura de La Paz: el DT brasile\u00f1o qued\u00f3 internado por un problema card\u00edaco tras la visita de Flamengo a Bol\u00edvar en la Copa Libertadores"},"content":{"rendered":"<p>Fue luego de la derrota del conjunto carioca, que igualmente se clasific\u00f3 a los cuartos de final.El entrenador regres\u00f3 a R\u00edo de Janeiro y tuvieron que llevarlo a una cl\u00ednica.Seg\u00fan el club sufri\u00f3 una &#8220;elevaci\u00f3n de la frecuencia card\u00edaca y arritmias por la altitud&#8221;.<\/p>","protected":false},"excerpt":{"rendered":"<p>Fue luego de la derrota del conjunto carioca, que igualmente se clasific\u00f3 a los cuartos&#8230;<\/p>\n","protected":false},"author":0,"featured_media":0,"comment_status":"open","ping_status":"open","sticky":false,"template":"","format":"standard","meta":{"footnotes":""},"categories":[6],"tags":[],"class_list":["post-2981","post","type-post","status-publish","format-standard","hentry","category-deportes"],"_links":{"self":[{"href":"https:\/\/masquenoticiastucuman.com.ar\/index.php?rest_route=\/wp\/v2\/posts\/2981","targetHints":{"allow":["GET"]}}],"collection":[{"href":"https:\/\/masquenoticiastucuman.com.ar\/index.php?rest_route=\/wp\/v2\/posts"}],"about":[{"href":"https:\/\/masquenoticiastucuman.com.ar\/index.php?rest_route=\/wp\/v2\/types\/post"}],"replies":[{"embeddable":true,"href":"https:\/\/masquenoticiastucuman.com.ar\/index.php?rest_route=%2Fwp%2Fv2%2Fcomments&post=2981"}],"version-history":[{"count":0,"href":"https:\/\/masquenoticiastucuman.com.ar\/index.php?rest_route=\/wp\/v2\/posts\/2981\/revisions"}],"wp:attachment":[{"href":"https:\/\/masquenoticiastucuman.com.ar\/index.php?rest_route=%2Fwp%2Fv2%2Fmedia&parent=2981"}],"wp:term":[{"taxonomy":"category","embeddable":true,"href":"https:\/\/masquenoticiastucuman.com.ar\/index.php?rest_route=%2Fwp%2Fv2%2Fcategories&post=2981"},{"taxonomy":"post_tag","embeddable":true,"href":"https:\/\/masquenoticiastucuman.com.ar\/index.php?rest_route=%2Fwp%2Fv2%2Ftags&post=2981"}],"curies":[{"name":"wp","href":"https:\/\/api.w.org\/{rel}","templated":true}]}}