{"id":2987,"date":"2024-08-23T13:01:06","date_gmt":"2024-08-23T16:01:06","guid":{"rendered":"http:\/\/masquenoticiastucuman.com.ar\/?p=2987"},"modified":"2024-08-23T13:01:06","modified_gmt":"2024-08-23T16:01:06","slug":"por-la-sequia-100-mil-hectareas-de-trigo-pasaron-de-buenas-a-regulares-y-hay-poca-lluvia-a-la-vista","status":"publish","type":"post","link":"https:\/\/masquenoticiastucuman.com.ar\/?p=2987","title":{"rendered":"Por la sequ\u00eda, 100 mil hect\u00e1reas de trigo pasaron de buenas a regulares y hay poca lluvia a la vista"},"content":{"rendered":"<p>Los cultivos se deterioraron, ingresan a enca\u00f1az\u00f3n y crece la preocupaci\u00f3n.Anticipan algunos chaparrones para pocas localidades y mucho fr\u00edo.<\/p>","protected":false},"excerpt":{"rendered":"<p>Los cultivos se deterioraron, ingresan a enca\u00f1az\u00f3n y crece la preocupaci\u00f3n.Anticipan algunos chaparrones para pocas&#8230;<\/p>\n","protected":false},"author":0,"featured_media":0,"comment_status":"open","ping_status":"open","sticky":false,"template":"","format":"standard","meta":{"footnotes":""},"categories":[1],"tags":[],"class_list":["post-2987","post","type-post","status-publish","format-standard","hentry","category-uncategorized"],"_links":{"self":[{"href":"https:\/\/masquenoticiastucuman.com.ar\/index.php?rest_route=\/wp\/v2\/posts\/2987","targetHints":{"allow":["GET"]}}],"collection":[{"href":"https:\/\/masquenoticiastucuman.com.ar\/index.php?rest_route=\/wp\/v2\/posts"}],"about":[{"href":"https:\/\/masquenoticiastucuman.com.ar\/index.php?rest_route=\/wp\/v2\/types\/post"}],"replies":[{"embeddable":true,"href":"https:\/\/masquenoticiastucuman.com.ar\/index.php?rest_route=%2Fwp%2Fv2%2Fcomments&post=2987"}],"version-history":[{"count":0,"href":"https:\/\/masquenoticiastucuman.com.ar\/index.php?rest_route=\/wp\/v2\/posts\/2987\/revisions"}],"wp:attachment":[{"href":"https:\/\/masquenoticiastucuman.com.ar\/index.php?rest_route=%2Fwp%2Fv2%2Fmedia&parent=2987"}],"wp:term":[{"taxonomy":"category","embeddable":true,"href":"https:\/\/masquenoticiastucuman.com.ar\/index.php?rest_route=%2Fwp%2Fv2%2Fcategories&post=2987"},{"taxonomy":"post_tag","embeddable":true,"href":"https:\/\/masquenoticiastucuman.com.ar\/index.php?rest_route=%2Fwp%2Fv2%2Ftags&post=2987"}],"curies":[{"name":"wp","href":"https:\/\/api.w.org\/{rel}","templated":true}]}}