{"id":2993,"date":"2024-08-23T13:01:10","date_gmt":"2024-08-23T16:01:10","guid":{"rendered":"http:\/\/masquenoticiastucuman.com.ar\/?p=2993"},"modified":"2024-08-23T13:01:10","modified_gmt":"2024-08-23T16:01:10","slug":"elecciones-en-venezuela-estados-unidos-rechaza-la-validacion-de-la-corte-y-mexico-insiste-en-que-se-muestren-las-actas-electorales","status":"publish","type":"post","link":"https:\/\/masquenoticiastucuman.com.ar\/?p=2993","title":{"rendered":"Elecciones en Venezuela: Estados Unidos rechaza la validaci\u00f3n de la Corte y M\u00e9xico insiste en que se muestren las actas electorales"},"content":{"rendered":"<p>El Tribunal Supremo chavista confirm\u00f3 el jueves la reelecci\u00f3n de Maduro.Para Washington, hay &#8220;abrumadora evidencia de que (el opositor) Gonz\u00e1lez recibi\u00f3 la mayor\u00eda de los votos&#8221;.<\/p>","protected":false},"excerpt":{"rendered":"<p>El Tribunal Supremo chavista confirm\u00f3 el jueves la reelecci\u00f3n de Maduro.Para Washington, hay &#8220;abrumadora evidencia&#8230;<\/p>\n","protected":false},"author":0,"featured_media":0,"comment_status":"open","ping_status":"open","sticky":false,"template":"","format":"standard","meta":{"footnotes":""},"categories":[4],"tags":[],"class_list":["post-2993","post","type-post","status-publish","format-standard","hentry","category-internacionales"],"_links":{"self":[{"href":"https:\/\/masquenoticiastucuman.com.ar\/index.php?rest_route=\/wp\/v2\/posts\/2993","targetHints":{"allow":["GET"]}}],"collection":[{"href":"https:\/\/masquenoticiastucuman.com.ar\/index.php?rest_route=\/wp\/v2\/posts"}],"about":[{"href":"https:\/\/masquenoticiastucuman.com.ar\/index.php?rest_route=\/wp\/v2\/types\/post"}],"replies":[{"embeddable":true,"href":"https:\/\/masquenoticiastucuman.com.ar\/index.php?rest_route=%2Fwp%2Fv2%2Fcomments&post=2993"}],"version-history":[{"count":0,"href":"https:\/\/masquenoticiastucuman.com.ar\/index.php?rest_route=\/wp\/v2\/posts\/2993\/revisions"}],"wp:attachment":[{"href":"https:\/\/masquenoticiastucuman.com.ar\/index.php?rest_route=%2Fwp%2Fv2%2Fmedia&parent=2993"}],"wp:term":[{"taxonomy":"category","embeddable":true,"href":"https:\/\/masquenoticiastucuman.com.ar\/index.php?rest_route=%2Fwp%2Fv2%2Fcategories&post=2993"},{"taxonomy":"post_tag","embeddable":true,"href":"https:\/\/masquenoticiastucuman.com.ar\/index.php?rest_route=%2Fwp%2Fv2%2Ftags&post=2993"}],"curies":[{"name":"wp","href":"https:\/\/api.w.org\/{rel}","templated":true}]}}