{"id":2995,"date":"2024-08-23T13:01:12","date_gmt":"2024-08-23T16:01:12","guid":{"rendered":"http:\/\/masquenoticiastucuman.com.ar\/?p=2995"},"modified":"2024-08-23T13:01:12","modified_gmt":"2024-08-23T16:01:12","slug":"empleadas-domesticas-todavia-no-se-oficializo-el-ultimo-acuerdo-salarial-que-pasa-con-el-aumento-de-julio-y-agosto","status":"publish","type":"post","link":"https:\/\/masquenoticiastucuman.com.ar\/?p=2995","title":{"rendered":"Empleadas dom\u00e9sticas, todav\u00eda no se oficializ\u00f3 el \u00faltimo acuerdo salarial: qu\u00e9 pasa con el aumento de julio y agosto"},"content":{"rendered":"<p>El \u00faltimo ajuste de los sueldos del Personal dom\u00e9stico que se resolvi\u00f3 da cuenta de un incremento de 8,5% para el mes pasado, y de otro del 4% para el octavo mes del a\u00f1o, ambos acumulativos.<\/p>","protected":false},"excerpt":{"rendered":"<p>El \u00faltimo ajuste de los sueldos del Personal dom\u00e9stico que se resolvi\u00f3 da cuenta de&#8230;<\/p>\n","protected":false},"author":0,"featured_media":0,"comment_status":"open","ping_status":"open","sticky":false,"template":"","format":"standard","meta":{"footnotes":""},"categories":[3],"tags":[],"class_list":["post-2995","post","type-post","status-publish","format-standard","hentry","category-nacionales"],"_links":{"self":[{"href":"https:\/\/masquenoticiastucuman.com.ar\/index.php?rest_route=\/wp\/v2\/posts\/2995","targetHints":{"allow":["GET"]}}],"collection":[{"href":"https:\/\/masquenoticiastucuman.com.ar\/index.php?rest_route=\/wp\/v2\/posts"}],"about":[{"href":"https:\/\/masquenoticiastucuman.com.ar\/index.php?rest_route=\/wp\/v2\/types\/post"}],"replies":[{"embeddable":true,"href":"https:\/\/masquenoticiastucuman.com.ar\/index.php?rest_route=%2Fwp%2Fv2%2Fcomments&post=2995"}],"version-history":[{"count":0,"href":"https:\/\/masquenoticiastucuman.com.ar\/index.php?rest_route=\/wp\/v2\/posts\/2995\/revisions"}],"wp:attachment":[{"href":"https:\/\/masquenoticiastucuman.com.ar\/index.php?rest_route=%2Fwp%2Fv2%2Fmedia&parent=2995"}],"wp:term":[{"taxonomy":"category","embeddable":true,"href":"https:\/\/masquenoticiastucuman.com.ar\/index.php?rest_route=%2Fwp%2Fv2%2Fcategories&post=2995"},{"taxonomy":"post_tag","embeddable":true,"href":"https:\/\/masquenoticiastucuman.com.ar\/index.php?rest_route=%2Fwp%2Fv2%2Ftags&post=2995"}],"curies":[{"name":"wp","href":"https:\/\/api.w.org\/{rel}","templated":true}]}}