{"id":2997,"date":"2024-08-23T14:01:03","date_gmt":"2024-08-23T17:01:03","guid":{"rendered":"http:\/\/masquenoticiastucuman.com.ar\/?p=2997"},"modified":"2024-08-23T14:01:03","modified_gmt":"2024-08-23T17:01:03","slug":"jorge-telerman-renuncio-a-la-direccion-del-teatro-colon","status":"publish","type":"post","link":"https:\/\/masquenoticiastucuman.com.ar\/?p=2997","title":{"rendered":"Jorge Telerman renunci\u00f3 a la direcci\u00f3n del Teatro Col\u00f3n"},"content":{"rendered":"<p>Estaba en el cargo desde marzo de 2022.En su carta de despedida, remarc\u00f3: &#8220;En este lapso el Col\u00f3n ha alcanzado una serie de logros que nos enorgullecen&#8221;.<\/p>","protected":false},"excerpt":{"rendered":"<p>Estaba en el cargo desde marzo de 2022.En su carta de despedida, remarc\u00f3: &#8220;En este&#8230;<\/p>\n","protected":false},"author":0,"featured_media":0,"comment_status":"open","ping_status":"open","sticky":false,"template":"","format":"standard","meta":{"footnotes":""},"categories":[5],"tags":[],"class_list":["post-2997","post","type-post","status-publish","format-standard","hentry","category-espectaculo"],"_links":{"self":[{"href":"https:\/\/masquenoticiastucuman.com.ar\/index.php?rest_route=\/wp\/v2\/posts\/2997","targetHints":{"allow":["GET"]}}],"collection":[{"href":"https:\/\/masquenoticiastucuman.com.ar\/index.php?rest_route=\/wp\/v2\/posts"}],"about":[{"href":"https:\/\/masquenoticiastucuman.com.ar\/index.php?rest_route=\/wp\/v2\/types\/post"}],"replies":[{"embeddable":true,"href":"https:\/\/masquenoticiastucuman.com.ar\/index.php?rest_route=%2Fwp%2Fv2%2Fcomments&post=2997"}],"version-history":[{"count":0,"href":"https:\/\/masquenoticiastucuman.com.ar\/index.php?rest_route=\/wp\/v2\/posts\/2997\/revisions"}],"wp:attachment":[{"href":"https:\/\/masquenoticiastucuman.com.ar\/index.php?rest_route=%2Fwp%2Fv2%2Fmedia&parent=2997"}],"wp:term":[{"taxonomy":"category","embeddable":true,"href":"https:\/\/masquenoticiastucuman.com.ar\/index.php?rest_route=%2Fwp%2Fv2%2Fcategories&post=2997"},{"taxonomy":"post_tag","embeddable":true,"href":"https:\/\/masquenoticiastucuman.com.ar\/index.php?rest_route=%2Fwp%2Fv2%2Ftags&post=2997"}],"curies":[{"name":"wp","href":"https:\/\/api.w.org\/{rel}","templated":true}]}}