{"id":2999,"date":"2024-08-23T14:01:04","date_gmt":"2024-08-23T17:01:04","guid":{"rendered":"http:\/\/masquenoticiastucuman.com.ar\/?p=2999"},"modified":"2024-08-23T14:01:04","modified_gmt":"2024-08-23T17:01:04","slug":"murio-peter-lundgren-el-maestro-sueco-que-condujo-a-federer-al-primer-grand-slam-de-su-vida-tenia-59-anos-y-su-hijo-lo-despidio-en-las-redes","status":"publish","type":"post","link":"https:\/\/masquenoticiastucuman.com.ar\/?p=2999","title":{"rendered":"Muri\u00f3 Peter Lundgren, el maestro sueco que condujo a Federer al primer Grand Slam de su vida: ten\u00eda 59 a\u00f1os y su hijo lo despidi\u00f3 en las redes"},"content":{"rendered":"<p>Estuvo detr\u00e1s de otras estrellas como Marcelo R\u00edos y Marat Safin.Fue tenista profesional y dej\u00f3 la actividad tras una fractura.Sufri\u00f3 la amputaci\u00f3n del pie y una serie de problemas de salud.<\/p>","protected":false},"excerpt":{"rendered":"<p>Estuvo detr\u00e1s de otras estrellas como Marcelo R\u00edos y Marat Safin.Fue tenista profesional y dej\u00f3&#8230;<\/p>\n","protected":false},"author":0,"featured_media":0,"comment_status":"open","ping_status":"open","sticky":false,"template":"","format":"standard","meta":{"footnotes":""},"categories":[6],"tags":[],"class_list":["post-2999","post","type-post","status-publish","format-standard","hentry","category-deportes"],"_links":{"self":[{"href":"https:\/\/masquenoticiastucuman.com.ar\/index.php?rest_route=\/wp\/v2\/posts\/2999","targetHints":{"allow":["GET"]}}],"collection":[{"href":"https:\/\/masquenoticiastucuman.com.ar\/index.php?rest_route=\/wp\/v2\/posts"}],"about":[{"href":"https:\/\/masquenoticiastucuman.com.ar\/index.php?rest_route=\/wp\/v2\/types\/post"}],"replies":[{"embeddable":true,"href":"https:\/\/masquenoticiastucuman.com.ar\/index.php?rest_route=%2Fwp%2Fv2%2Fcomments&post=2999"}],"version-history":[{"count":0,"href":"https:\/\/masquenoticiastucuman.com.ar\/index.php?rest_route=\/wp\/v2\/posts\/2999\/revisions"}],"wp:attachment":[{"href":"https:\/\/masquenoticiastucuman.com.ar\/index.php?rest_route=%2Fwp%2Fv2%2Fmedia&parent=2999"}],"wp:term":[{"taxonomy":"category","embeddable":true,"href":"https:\/\/masquenoticiastucuman.com.ar\/index.php?rest_route=%2Fwp%2Fv2%2Fcategories&post=2999"},{"taxonomy":"post_tag","embeddable":true,"href":"https:\/\/masquenoticiastucuman.com.ar\/index.php?rest_route=%2Fwp%2Fv2%2Ftags&post=2999"}],"curies":[{"name":"wp","href":"https:\/\/api.w.org\/{rel}","templated":true}]}}