{"id":3003,"date":"2024-08-23T15:01:02","date_gmt":"2024-08-23T18:01:02","guid":{"rendered":"http:\/\/masquenoticiastucuman.com.ar\/?p=3003"},"modified":"2024-08-23T15:01:02","modified_gmt":"2024-08-23T18:01:02","slug":"la-formula-1-volvio-del-receso-y-nico-hulkenberg-dio-la-nota-se-despisto-en-la-curva-1-de-zandvoort-que-fue-una-pesadilla-para-todos","status":"publish","type":"post","link":"https:\/\/masquenoticiastucuman.com.ar\/?p=3003","title":{"rendered":"La F\u00f3rmula 1 volvi\u00f3 del receso y Nico Hulkenberg dio la nota: se despist\u00f3 en la curva 1 de Zandvoort, que fue una pesadilla para todos"},"content":{"rendered":"<p>El viento le jug\u00f3 una mala pasada al piloto alem\u00e1n.El brit\u00e1nico Russell marc\u00f3 el mejor tiempo en las pr\u00e1cticas del GP de Pa\u00edses Bajos.Es la primera carrera de las \u00faltimas diez del a\u00f1o, con Verstappen en la cima del campeonato.<\/p>","protected":false},"excerpt":{"rendered":"<p>El viento le jug\u00f3 una mala pasada al piloto alem\u00e1n.El brit\u00e1nico Russell marc\u00f3 el mejor&#8230;<\/p>\n","protected":false},"author":0,"featured_media":0,"comment_status":"open","ping_status":"open","sticky":false,"template":"","format":"standard","meta":{"footnotes":""},"categories":[6],"tags":[],"class_list":["post-3003","post","type-post","status-publish","format-standard","hentry","category-deportes"],"_links":{"self":[{"href":"https:\/\/masquenoticiastucuman.com.ar\/index.php?rest_route=\/wp\/v2\/posts\/3003","targetHints":{"allow":["GET"]}}],"collection":[{"href":"https:\/\/masquenoticiastucuman.com.ar\/index.php?rest_route=\/wp\/v2\/posts"}],"about":[{"href":"https:\/\/masquenoticiastucuman.com.ar\/index.php?rest_route=\/wp\/v2\/types\/post"}],"replies":[{"embeddable":true,"href":"https:\/\/masquenoticiastucuman.com.ar\/index.php?rest_route=%2Fwp%2Fv2%2Fcomments&post=3003"}],"version-history":[{"count":0,"href":"https:\/\/masquenoticiastucuman.com.ar\/index.php?rest_route=\/wp\/v2\/posts\/3003\/revisions"}],"wp:attachment":[{"href":"https:\/\/masquenoticiastucuman.com.ar\/index.php?rest_route=%2Fwp%2Fv2%2Fmedia&parent=3003"}],"wp:term":[{"taxonomy":"category","embeddable":true,"href":"https:\/\/masquenoticiastucuman.com.ar\/index.php?rest_route=%2Fwp%2Fv2%2Fcategories&post=3003"},{"taxonomy":"post_tag","embeddable":true,"href":"https:\/\/masquenoticiastucuman.com.ar\/index.php?rest_route=%2Fwp%2Fv2%2Ftags&post=3003"}],"curies":[{"name":"wp","href":"https:\/\/api.w.org\/{rel}","templated":true}]}}